{"id":469267,"date":"2017-03-17T08:55:17","date_gmt":"2017-03-17T14:55:17","guid":{"rendered":"https:\/\/www.futboltotal.com.mx\/?p=469267"},"modified":"2017-03-17T08:55:17","modified_gmt":"2017-03-17T14:55:17","slug":"europa-league-conocio-los-emparejamientos-cuartosmanchester-united-favorito","status":"publish","type":"post","link":"http:\/\/desarrollo.grupomedios.com\/futbol\/futbol-internacional\/europa-league-conocio-los-emparejamientos-cuartosmanchester-united-favorito\/2017\/03","title":{"rendered":"Europa League conoci\u00f3 los emparejamientos de Cuartos; United favorito"},"content":{"rendered":"<p>Al igual que el sorteo de la Champions League, esta ma\u00f1ana tambi\u00e9n se conocieron los emparejamientos de los Cuartos de Final de la UEFA Europa League, donde destaca el partido entre el Manchester United y el Anderlecht de B\u00e9lgica.<\/p>\n<p>Adem\u00e1s del duelo de los ingleses, el \u00fanico espa\u00f1ol sobreviviente, el Celta de Vigo, enfrentar\u00e1 al otro equipo belga, el Genk.<\/p>\n<p style=\"text-align: center;\"><span style=\"color: #3366ff;\"><a style=\"color: #3366ff;\" href=\"https:\/\/www.futboltotal.com.mx\/2017\/03\/definidos-los-cuartos-final-la-uefa-champions-league\/\">LEER M\u00c1S: \u00a1Definidos los Cuartos de Final de la CHAMPIONS LEAGUE!<\/a><\/span><\/p>\n<blockquote class=\"twitter-tweet\" data-lang=\"es\">\n<p dir=\"ltr\" lang=\"en\">The official result of the <a href=\"https:\/\/twitter.com\/hashtag\/UELdraw?src=hash\">#UELdraw<\/a>&#8230; <a href=\"https:\/\/t.co\/0HJacqyLWX\">pic.twitter.com\/0HJacqyLWX<\/a><\/p>\n<p>\u2014 UEFA Europa League (@EuropaLeague) <a href=\"https:\/\/twitter.com\/EuropaLeague\/status\/842710244841197568\">17 de marzo de 2017<\/a><\/p><\/blockquote>\n<p><script async src=\"\/\/platform.twitter.com\/widgets.js\" charset=\"utf-8\"><\/script><\/p>\n","protected":false},"excerpt":{"rendered":"<p>El United enfrentar\u00e1 al Anderlecht de B\u00e9lgica.<\/p>\n","protected":false},"author":20,"featured_media":469268,"comment_status":"closed","ping_status":"closed","sticky":false,"template":"","format":"standard","meta":[],"categories":[3839],"tags":[516,6214],"_links":{"self":[{"href":"http:\/\/desarrollo.grupomedios.com\/futbol\/wp-json\/wp\/v2\/posts\/469267"}],"collection":[{"href":"http:\/\/desarrollo.grupomedios.com\/futbol\/wp-json\/wp\/v2\/posts"}],"about":[{"href":"http:\/\/desarrollo.grupomedios.com\/futbol\/wp-json\/wp\/v2\/types\/post"}],"author":[{"embeddable":true,"href":"http:\/\/desarrollo.grupomedios.com\/futbol\/wp-json\/wp\/v2\/users\/20"}],"replies":[{"embeddable":true,"href":"http:\/\/desarrollo.grupomedios.com\/futbol\/wp-json\/wp\/v2\/comments?post=469267"}],"version-history":[{"count":1,"href":"http:\/\/desarrollo.grupomedios.com\/futbol\/wp-json\/wp\/v2\/posts\/469267\/revisions"}],"predecessor-version":[{"id":469269,"href":"http:\/\/desarrollo.grupomedios.com\/futbol\/wp-json\/wp\/v2\/posts\/469267\/revisions\/469269"}],"wp:featuredmedia":[{"embeddable":true,"href":"http:\/\/desarrollo.grupomedios.com\/futbol\/wp-json\/wp\/v2\/media\/469268"}],"wp:attachment":[{"href":"http:\/\/desarrollo.grupomedios.com\/futbol\/wp-json\/wp\/v2\/media?parent=469267"}],"wp:term":[{"taxonomy":"category","embeddable":true,"href":"http:\/\/desarrollo.grupomedios.com\/futbol\/wp-json\/wp\/v2\/categories?post=469267"},{"taxonomy":"post_tag","embeddable":true,"href":"http:\/\/desarrollo.grupomedios.com\/futbol\/wp-json\/wp\/v2\/tags?post=469267"}],"curies":[{"name":"wp","href":"https:\/\/api.w.org\/{rel}","templated":true}]}}