{"id":469286,"date":"2017-03-17T11:10:00","date_gmt":"2017-03-17T17:10:00","guid":{"rendered":"https:\/\/www.futboltotal.com.mx\/?p=469286"},"modified":"2017-03-17T11:10:00","modified_gmt":"2017-03-17T17:10:00","slug":"shakira-asistira-a-la-boda-messi-pique-en-duda","status":"publish","type":"post","link":"http:\/\/desarrollo.grupomedios.com\/futbol\/cambio-de-juego\/shakira-asistira-a-la-boda-messi-pique-en-duda\/2017\/03","title":{"rendered":"Shakira no asistir\u00e1 a la boda de Messi, Piqu\u00e9 en duda"},"content":{"rendered":"<p>Hace unos meses se anunciaba la boda de Lionel Messi con Antonella Roccuzzo para el pr\u00f3ximo verano y con fecha aun por confirmar. La invitaci\u00f3n est\u00e1 para todos sus compa\u00f1eros del Barcelona, aunque seg\u00fan informan los medios espa\u00f1oles, una pareja ya habr\u00eda declinado la invitaci\u00f3n: Shakira y Gerard Piqu\u00e9.<\/p>\n<p>Aunque la cantante acude casi siempre a los juegos del Barcelona en el Camp Nou, la colombiana suele hacerlo con su familia y no con las parejas de otros jugadores, por lo que en Espa\u00f1a se habla de una ruptura con ellas.<\/p>\n<p style=\"text-align: center;\"><span style=\"color: #3366ff;\"><a style=\"color: #3366ff;\" href=\"https:\/\/www.futboltotal.com.mx\/2017\/03\/definidos-los-cuartos-final-la-uefa-champions-league\/\">LEER M\u00c1S: \u00a1Definidos los Cuartos de Final de la CHAMPIONS LEAGUE!<\/a><\/span><\/p>\n<p>La falta de relaci\u00f3n entre las parejas de los futbolistas se debe a una historia del pasado y tiene que ver con la manera en que Piqu\u00e9 comenz\u00f3 su relaci\u00f3n con Shakira. La cantante sal\u00eda con Antonio de la R\u00faa y Piqu\u00e9 con Nuria Tom\u00e1s, y como ya era una relaci\u00f3n de varios a\u00f1os, parece que la llegada de la colombiano no fue muy grata, en especial para Rocuzzo.<\/p>\n<p>Antonella manten\u00eda por entonces una buena amistad con la ex novia de Piqu\u00e9, y a pesar de que con Shakira es distinto, la relaci\u00f3n entre Messi y el defensa espa\u00f1ol no ha cambiado dentro ni fuera del campo.<\/p>\n","protected":false},"excerpt":{"rendered":"<p>La colombiana tendr\u00eda una enemistad con la pareja de Messi.<\/p>\n","protected":false},"author":20,"featured_media":467478,"comment_status":"closed","ping_status":"closed","sticky":false,"template":"","format":"standard","meta":[],"categories":[5419],"tags":[5984,6015,6012,2005],"_links":{"self":[{"href":"http:\/\/desarrollo.grupomedios.com\/futbol\/wp-json\/wp\/v2\/posts\/469286"}],"collection":[{"href":"http:\/\/desarrollo.grupomedios.com\/futbol\/wp-json\/wp\/v2\/posts"}],"about":[{"href":"http:\/\/desarrollo.grupomedios.com\/futbol\/wp-json\/wp\/v2\/types\/post"}],"author":[{"embeddable":true,"href":"http:\/\/desarrollo.grupomedios.com\/futbol\/wp-json\/wp\/v2\/users\/20"}],"replies":[{"embeddable":true,"href":"http:\/\/desarrollo.grupomedios.com\/futbol\/wp-json\/wp\/v2\/comments?post=469286"}],"version-history":[{"count":1,"href":"http:\/\/desarrollo.grupomedios.com\/futbol\/wp-json\/wp\/v2\/posts\/469286\/revisions"}],"predecessor-version":[{"id":469292,"href":"http:\/\/desarrollo.grupomedios.com\/futbol\/wp-json\/wp\/v2\/posts\/469286\/revisions\/469292"}],"wp:featuredmedia":[{"embeddable":true,"href":"http:\/\/desarrollo.grupomedios.com\/futbol\/wp-json\/wp\/v2\/media\/467478"}],"wp:attachment":[{"href":"http:\/\/desarrollo.grupomedios.com\/futbol\/wp-json\/wp\/v2\/media?parent=469286"}],"wp:term":[{"taxonomy":"category","embeddable":true,"href":"http:\/\/desarrollo.grupomedios.com\/futbol\/wp-json\/wp\/v2\/categories?post=469286"},{"taxonomy":"post_tag","embeddable":true,"href":"http:\/\/desarrollo.grupomedios.com\/futbol\/wp-json\/wp\/v2\/tags?post=469286"}],"curies":[{"name":"wp","href":"https:\/\/api.w.org\/{rel}","templated":true}]}}