{"id":469288,"date":"2017-03-17T11:10:49","date_gmt":"2017-03-17T17:10:49","guid":{"rendered":"https:\/\/www.futboltotal.com.mx\/?p=469288"},"modified":"2017-03-17T11:10:49","modified_gmt":"2017-03-17T17:10:49","slug":"america-daria-bombazo-fichando-tecnico-a-frank-rijkaard","status":"publish","type":"post","link":"http:\/\/desarrollo.grupomedios.com\/futbol\/futbol-mexicano\/america-daria-bombazo-fichando-tecnico-a-frank-rijkaard\/2017\/03","title":{"rendered":"Am\u00e9rica dar\u00eda bombazo fichando como DT a&#8230; \u00bfFrank Rijkaard?"},"content":{"rendered":"<p>La \u00e9poca de rumorolog\u00eda en el futbol mundial ya cobra fuerza y el balompi\u00e9 mexicano no se queda fuera de esto. El <strong>Am\u00e9rica<\/strong> est\u00e1 muy lejos de pasar por su mejor momento, entre su irregularidad en el torneo <strong>Clausura 2017<\/strong> y el <a href=\"https:\/\/www.futboltotal.com.mx\/2017\/03\/pablo-aguilar-y-enrique-triverio-se-van-suspendidos-un-ano\/\">castigo de un a\u00f1o que recibi\u00f3 <strong>Pablo Aguilar<\/strong><\/a> por dar un cabezazo a un \u00e1rbitro.<\/p>\n<p>Ante este duro panorama y la falta de resultados y buen juego con el t\u00e9cnico Ricardo Antonio <strong>La Volpe<\/strong>, las <em>\u00c1guilas<\/em> estar\u00edan contemplando el fichaje de un entrenador que triunf\u00f3 por muchos a\u00f1os en el futbol europeo, ganador de t\u00edtulos como la <strong>Champions League<\/strong> y parte clave del resurgir del <strong>Barcelona<\/strong>\u00a0hace unos a\u00f1os: <strong>Frank Rijkaard<\/strong>.<\/p>\n<p style=\"text-align: center;\"><a href=\"https:\/\/www.futboltotal.com.mx\/2017\/03\/ailton-da-silva-rechazo-jugar-en-america-porque-pumas-le-pago-mas\/\">VER M\u00c1S: AILTON DA SILVA DEJ\u00d3 AL AM\u00c9RICA PORQUE PUMAS LE PAG\u00d3 M\u00c1S<\/a><\/p>\n<p>El t\u00e9cnico holand\u00e9s estar\u00eda en el radar de los americanistas de acuerdo a reportes de la cadena Fox Sports, que mencion\u00f3 que las <em>\u00c1guilas<\/em> a\u00fan <a href=\"https:\/\/www.futboltotal.com.mx\/2017\/03\/america-aguanta-a-la-volpe-regrese-miguel-piojo-herrera\/\">tienen en mente a <strong>Miguel Herrera<\/strong><\/a> como una carta fuerte para suplir al <em>Bigot\u00f3n<\/em>, pero el nombre de <strong>Rijkaard<\/strong> es impulsado por un ex presidente americanista, Javier P\u00e9rez Teuffer, aunque\u00a0en estos momentos no tiene v\u00ednculo directo con la c\u00fapula azulcrema.<\/p>\n<p><strong>Rijkaard<\/strong> entren\u00f3 al Bar\u00e7a entre 2003 y 2008, lapso en el que llev\u00f3 a los Cul\u00e9s a levantar 5 t\u00edtulos: 2 Ligas de Espa\u00f1a, 2 Supercopas de Espa\u00f1a y 1 Champions League, la segunda en la historia del club, as\u00ed como dirigi\u00f3 a los mexicanos <strong>Rafael M\u00e1rquez<\/strong> y <strong>Giovani Dos Santos<\/strong>.<\/p>\n<p style=\"text-align: center;\"><a href=\"https:\/\/www.futboltotal.com.mx\/2017\/03\/los-momentos-crearon-la-rivalidad-pumas-america\/\">VER M\u00c1S: LOS MOMENTOS QUE CREARON LA RIVALIDAD PUMAS VS. AM\u00c9RICA<\/a><\/p>\n<p>Adem\u00e1s,\u00a0otro nombre que ha surgido para entrenar al Am\u00e9rica es el uruguayo <strong>Sergio Markari\u00e1n<\/strong>, quien entre 2007 y 2008 ya trabaj\u00f3 en M\u00e9xico dirigiendo al Cruz Azul, club con el que perdi\u00f3 una final de Liga.<\/p>\n<p class=\"p1\"><span class=\"s1\"><b>S\u00edguenos en Twitter<\/b>:\u00a0<a href=\"https:\/\/twitter.com\/MXFutbolTotal\"><span class=\"s2\">@MXFutbolTotal<\/span><\/a><\/span><\/p>\n","protected":false},"excerpt":{"rendered":"<p>Las \u00c1guilas estar\u00edan pensando en un plan B con el fichaje del ex t\u00e9cnico del Barcelona.<\/p>\n","protected":false},"author":20,"featured_media":469291,"comment_status":"closed","ping_status":"closed","sticky":false,"template":"","format":"standard","meta":[],"categories":[7740,3839,2198,3845],"tags":[1585,5959,8357,7732,1215,4847,64,8356],"_links":{"self":[{"href":"http:\/\/desarrollo.grupomedios.com\/futbol\/wp-json\/wp\/v2\/posts\/469288"}],"collection":[{"href":"http:\/\/desarrollo.grupomedios.com\/futbol\/wp-json\/wp\/v2\/posts"}],"about":[{"href":"http:\/\/desarrollo.grupomedios.com\/futbol\/wp-json\/wp\/v2\/types\/post"}],"author":[{"embeddable":true,"href":"http:\/\/desarrollo.grupomedios.com\/futbol\/wp-json\/wp\/v2\/users\/20"}],"replies":[{"embeddable":true,"href":"http:\/\/desarrollo.grupomedios.com\/futbol\/wp-json\/wp\/v2\/comments?post=469288"}],"version-history":[{"count":1,"href":"http:\/\/desarrollo.grupomedios.com\/futbol\/wp-json\/wp\/v2\/posts\/469288\/revisions"}],"predecessor-version":[{"id":469293,"href":"http:\/\/desarrollo.grupomedios.com\/futbol\/wp-json\/wp\/v2\/posts\/469288\/revisions\/469293"}],"wp:featuredmedia":[{"embeddable":true,"href":"http:\/\/desarrollo.grupomedios.com\/futbol\/wp-json\/wp\/v2\/media\/469291"}],"wp:attachment":[{"href":"http:\/\/desarrollo.grupomedios.com\/futbol\/wp-json\/wp\/v2\/media?parent=469288"}],"wp:term":[{"taxonomy":"category","embeddable":true,"href":"http:\/\/desarrollo.grupomedios.com\/futbol\/wp-json\/wp\/v2\/categories?post=469288"},{"taxonomy":"post_tag","embeddable":true,"href":"http:\/\/desarrollo.grupomedios.com\/futbol\/wp-json\/wp\/v2\/tags?post=469288"}],"curies":[{"name":"wp","href":"https:\/\/api.w.org\/{rel}","templated":true}]}}