{"id":469325,"date":"2017-03-17T14:47:09","date_gmt":"2017-03-17T20:47:09","guid":{"rendered":"https:\/\/www.futboltotal.com.mx\/?p=469325"},"modified":"2017-03-17T14:47:09","modified_gmt":"2017-03-17T20:47:09","slug":"costa-rica-calienta-duelo-ante-tri-documental-aztecazo","status":"publish","type":"post","link":"http:\/\/desarrollo.grupomedios.com\/futbol\/destacado-home\/costa-rica-calienta-duelo-ante-tri-documental-aztecazo\/2017\/03","title":{"rendered":"Costa Rica calienta duelo ante el Tri con documental: &#8220;Aztecazo&#8221;"},"content":{"rendered":"<p>Para la afici\u00f3n futbolera en <strong>Costa Rica<\/strong> a\u00fan est\u00e1 presente el recuerdo del 16 de junio de 2001, d\u00eda en el que su selecci\u00f3n dio la campanada al imponerse por 2-1 a la <strong>Selecci\u00f3n Mexicana<\/strong> en la cancha del estadio Azteca, episodio conocido como <strong>Aztecazo<\/strong>.<\/p>\n<p>Por ello es que, previo al duelo entre el Tri y la escuadra tica, el medio TD+Originales lanz\u00f3 un documental que lleva por nombre ni m\u00e1s ni menos que Aztecazo, una pieza que logra un recuento de la victoria centroamericana en suelo azteca gracias a los goles de <strong>Rolando Fonseca<\/strong> y <strong>Hern\u00e1n Medford<\/strong>.<\/p>\n<p style=\"text-align: center;\"><a href=\"https:\/\/www.futboltotal.com.mx\/2017\/03\/keylor-navas-comanda-lista-costa-rica-enfrentar-a-mexico\/\">VER M\u00c1S: KEYLOS NAVAS COMANDA LISTA DE COSTA RICA PARA ENFRENTAR A M\u00c9XICO<\/a><\/p>\n<p><iframe loading=\"lazy\" src=\"https:\/\/www.youtube.com\/embed\/0HRO93Alltc?ecver=1\" frameborder=\"0\" allowfullscreen=\"allowfullscreen\"><\/iframe><\/p>\n<p>El video tiene una duraci\u00f3n aproximada de 35 minutos, con la perspectiva costarricense de su hist\u00f3rico triunfo sobre el Tri, y logra calentar los \u00e1nimos de la afici\u00f3n de cara al choque que tendr\u00e1n estas selecciones el pr\u00f3ximo 24 de marzo como parte del Hexagonal Final de Concacaf rumbo al Mundial Rusia 2018.<\/p>\n<p><iframe loading=\"lazy\" src=\"https:\/\/www.youtube.com\/embed\/4Rjmg0zAEA0?ecver=1\" frameborder=\"0\" allowfullscreen=\"allowfullscreen\"><\/iframe><\/p>\n<p>El pasado mi\u00e9rcoles 15 de marzo se puede tener acceso a este documental por medio del sitio web\u00a0www.aztecazo.com, en el que adem\u00e1s de esta pieza tambi\u00e9n se encuentran videos en los que los jugadores ticos que se vistieron de h\u00e9roes en 2001 narran su experiencia.<\/p>\n<p>&nbsp;<\/p>\n<blockquote class=\"twitter-video\" data-lang=\"es\">\n<p dir=\"ltr\" lang=\"und\">&#x1f60d;&#x1f1e8;&#x1f1f7; <a href=\"https:\/\/twitter.com\/hashtag\/Aztecazo?src=hash\">#Aztecazo<\/a> <a href=\"https:\/\/t.co\/JIUNQXRuYC\">pic.twitter.com\/JIUNQXRuYC<\/a><\/p>\n<p>\u2014 TDM\u00e1s (@tdmas_cr) <a href=\"https:\/\/twitter.com\/tdmas_cr\/status\/839924160285519873\">9 de marzo de 2017<\/a><\/p><\/blockquote>\n<p><script async src=\"\/\/platform.twitter.com\/widgets.js\" charset=\"utf-8\"><\/script><\/p>\n<p class=\"p1\"><span class=\"s1\"><b>S\u00edguenos en Twitter<\/b>:\u00a0<a href=\"https:\/\/twitter.com\/MXFutbolTotal\"><span class=\"s2\">@MXFutbolTotal<\/span><\/a><\/span><\/p>\n","protected":false},"excerpt":{"rendered":"<p>Previo al duelo entre el Tri y los ticos, se lanz\u00f3 un documental recordando ese episodio.<\/p>\n","protected":false},"author":20,"featured_media":469326,"comment_status":"closed","ping_status":"closed","sticky":false,"template":"","format":"standard","meta":[],"categories":[5,3839,2198,3847],"tags":[5638,213,554,65,8359,409],"_links":{"self":[{"href":"http:\/\/desarrollo.grupomedios.com\/futbol\/wp-json\/wp\/v2\/posts\/469325"}],"collection":[{"href":"http:\/\/desarrollo.grupomedios.com\/futbol\/wp-json\/wp\/v2\/posts"}],"about":[{"href":"http:\/\/desarrollo.grupomedios.com\/futbol\/wp-json\/wp\/v2\/types\/post"}],"author":[{"embeddable":true,"href":"http:\/\/desarrollo.grupomedios.com\/futbol\/wp-json\/wp\/v2\/users\/20"}],"replies":[{"embeddable":true,"href":"http:\/\/desarrollo.grupomedios.com\/futbol\/wp-json\/wp\/v2\/comments?post=469325"}],"version-history":[{"count":1,"href":"http:\/\/desarrollo.grupomedios.com\/futbol\/wp-json\/wp\/v2\/posts\/469325\/revisions"}],"predecessor-version":[{"id":469327,"href":"http:\/\/desarrollo.grupomedios.com\/futbol\/wp-json\/wp\/v2\/posts\/469325\/revisions\/469327"}],"wp:featuredmedia":[{"embeddable":true,"href":"http:\/\/desarrollo.grupomedios.com\/futbol\/wp-json\/wp\/v2\/media\/469326"}],"wp:attachment":[{"href":"http:\/\/desarrollo.grupomedios.com\/futbol\/wp-json\/wp\/v2\/media?parent=469325"}],"wp:term":[{"taxonomy":"category","embeddable":true,"href":"http:\/\/desarrollo.grupomedios.com\/futbol\/wp-json\/wp\/v2\/categories?post=469325"},{"taxonomy":"post_tag","embeddable":true,"href":"http:\/\/desarrollo.grupomedios.com\/futbol\/wp-json\/wp\/v2\/tags?post=469325"}],"curies":[{"name":"wp","href":"https:\/\/api.w.org\/{rel}","templated":true}]}}