{"id":469341,"date":"2017-03-17T16:13:43","date_gmt":"2017-03-17T22:13:43","guid":{"rendered":"https:\/\/www.futboltotal.com.mx\/?p=469341"},"modified":"2017-03-17T16:13:43","modified_gmt":"2017-03-17T22:13:43","slug":"equipo-la-mls-tendria-en-la-mira-a-jonathan-dos-santos","status":"publish","type":"post","link":"http:\/\/desarrollo.grupomedios.com\/futbol\/futbol-internacional\/equipo-la-mls-tendria-en-la-mira-a-jonathan-dos-santos\/2017\/03","title":{"rendered":"Equipo de la MLS tendr\u00eda en la mira a Jonathan Dos Santos"},"content":{"rendered":"<p>Con el reci\u00e9n inicio de la MLS y su incorporaci\u00f3n como nuevo equipo de la liga, el Atlanta United sigue pensando en reforzar su plantel y uno de los candidatos ser\u00eda el mexicano <strong>Jonathan Dos Santos<\/strong>.<\/p>\n<p>A pesar de que tiene poco tiempo, el Atlanta busca mantener un proyecto s\u00f3lido en la liga y atraer a m\u00e1s gente como afic\u00f3n, por lo que el t\u00e9cnico Gerardo Martino, con quien alcanz\u00f3 a coincidir <strong>Dos Santos<\/strong> en el Barcelona, busca traer al actual Seleccionado Mexicano.<\/p>\n<p style=\"text-align: center;\"><span style=\"color: #3366ff;\"><a style=\"color: #3366ff;\" href=\"https:\/\/www.futboltotal.com.mx\/2017\/03\/keylor-navas-comanda-lista-costa-rica-enfrentar-a-mexico\/\">LEER M\u00c1S: Keylor Navas comanda lista de Costa Rica para enfrentar a M\u00e9xico<\/a><\/span><\/p>\n<p>El mediocampista del Villarreal todav\u00eda tiene contrato por dos a\u00f1os con el club espa\u00f1ol, pero no ver\u00eda mal arribar a Estados Unidos y as\u00ed estar cerca de su hermano Giovani, quien actualmente figura con el LA Galaxy y con quien ya comparti\u00f3 vestidor en los clubes anteriores.<\/p>\n<p>Actualmente <strong>Jonathan<\/strong> est\u00e1 viviendo su tercera temporada con el Villarreal, donde a pesar de sus lesiones, se ha consagrado como un titular en el mediocampo del Submarino Amarillo, pues tanto como el entrenador Marcelino Garc\u00eda Toral y Fran Escib\u00e1 conf\u00edan en sus cualidades.<\/p>\n<p><strong>DUPLA MEXICANA<\/strong><\/p>\n<p>Adem\u00e1s de Dos Santos, otro en los que el Atlanta United est\u00e1 interesado es en el mediocampista del PSV, Andr\u00e9s Guardado, cuyo contrato termina en junio de 2018 y de quien Gerardo Martino ya ha segurado que &#8220;le gusta su forma de juego&#8221;.<\/p>\n","protected":false},"excerpt":{"rendered":"<p>El Atlanta United ser\u00eda el interesado en los servicios del mexicano.<\/p>\n","protected":false},"author":20,"featured_media":418028,"comment_status":"closed","ping_status":"closed","sticky":false,"template":"","format":"standard","meta":[],"categories":[3839],"tags":[7610,48,195,2607],"_links":{"self":[{"href":"http:\/\/desarrollo.grupomedios.com\/futbol\/wp-json\/wp\/v2\/posts\/469341"}],"collection":[{"href":"http:\/\/desarrollo.grupomedios.com\/futbol\/wp-json\/wp\/v2\/posts"}],"about":[{"href":"http:\/\/desarrollo.grupomedios.com\/futbol\/wp-json\/wp\/v2\/types\/post"}],"author":[{"embeddable":true,"href":"http:\/\/desarrollo.grupomedios.com\/futbol\/wp-json\/wp\/v2\/users\/20"}],"replies":[{"embeddable":true,"href":"http:\/\/desarrollo.grupomedios.com\/futbol\/wp-json\/wp\/v2\/comments?post=469341"}],"version-history":[{"count":1,"href":"http:\/\/desarrollo.grupomedios.com\/futbol\/wp-json\/wp\/v2\/posts\/469341\/revisions"}],"predecessor-version":[{"id":469342,"href":"http:\/\/desarrollo.grupomedios.com\/futbol\/wp-json\/wp\/v2\/posts\/469341\/revisions\/469342"}],"wp:featuredmedia":[{"embeddable":true,"href":"http:\/\/desarrollo.grupomedios.com\/futbol\/wp-json\/wp\/v2\/media\/418028"}],"wp:attachment":[{"href":"http:\/\/desarrollo.grupomedios.com\/futbol\/wp-json\/wp\/v2\/media?parent=469341"}],"wp:term":[{"taxonomy":"category","embeddable":true,"href":"http:\/\/desarrollo.grupomedios.com\/futbol\/wp-json\/wp\/v2\/categories?post=469341"},{"taxonomy":"post_tag","embeddable":true,"href":"http:\/\/desarrollo.grupomedios.com\/futbol\/wp-json\/wp\/v2\/tags?post=469341"}],"curies":[{"name":"wp","href":"https:\/\/api.w.org\/{rel}","templated":true}]}}