{"id":469343,"date":"2017-03-17T16:28:59","date_gmt":"2017-03-17T22:28:59","guid":{"rendered":"https:\/\/www.futboltotal.com.mx\/?p=469343"},"modified":"2017-03-17T16:28:59","modified_gmt":"2017-03-17T22:28:59","slug":"ante-chivas-sere-profesional-angel-reyna","status":"publish","type":"post","link":"http:\/\/desarrollo.grupomedios.com\/futbol\/futbol-mexicano\/ante-chivas-sere-profesional-angel-reyna\/2017\/03","title":{"rendered":"Ante Chivas, ser\u00e9 un profesional: \u00c1ngel Reyna"},"content":{"rendered":"<p>El futbolista de los <em>Tiburones Rojos<\/em> de Veracruz, <strong>\u00c1ngel Reyna<\/strong>, record\u00f3 su pasado como jugador de <strong>Chivas<\/strong>, equipo al que enfrentar\u00e1 el fin de semana, en la jornada 11 del Clausura 2017. El Pleititos lamenta no haber aportado m\u00e1s a los <em>rojiblancos<\/em> cuando integr\u00f3 sus filas, pues apreci\u00f3 a la instituci\u00f3n.<\/p>\n<p>\u201cLa espinita de poderles dar m\u00e1s, es una gran afici\u00f3n e instituci\u00f3n. Tuve muy buenos compa\u00f1eros ah\u00ed, al se\u00f1or Jorge Vergara que lo quiero y admiro mucho. Los manejos ya quedan atr\u00e1s de otras personas, pero se port\u00f3 como un caballero. Siempre se le desea lo mejor a una instituci\u00f3n as\u00ed. Hay que ir a pensar en ganar y hacer el m\u00e1ximo esfuerzo y ya se ver\u00e1 dentro de la cancha\u201d, explic\u00f3 en entrevista con la agencia <em>Pressport<\/em>.<\/p>\n<p>A pesar del respeto que le genera <strong>Chivas<\/strong>, <strong>\u00c1ngel Reyna<\/strong> asegura que ser\u00e1 profesional y jugar\u00e1 a muerte con Veracruz, para sacar un buen resultado en suelo tapat\u00edo, pues su equipo lo requiere, para salir del s\u00f3tano porcentual.<\/p>\n<p style=\"text-align: center;\"><span style=\"color: #3366ff;\"><a style=\"color: #3366ff;\" href=\"https:\/\/www.futboltotal.com.mx\/2017\/03\/costa-rica-calienta-duelo-ante-tri-documental-aztecazo\/\" target=\"_blank\"><strong>LEER M\u00c1S: Costa Rica calienta el duelo ante el Tri con documental sobre el Aztecazo<\/strong><\/a><\/span><\/p>\n<blockquote class=\"twitter-tweet\" data-lang=\"es\">\n<p dir=\"ltr\" lang=\"es\">Mmm&#8230; pero dicen q no duele  <a href=\"https:\/\/t.co\/fqj7OF4y7s\">https:\/\/t.co\/fqj7OF4y7s<\/a><\/p>\n<p>\u2014 Angel Reyna (@AngelReynaFut) <a href=\"https:\/\/twitter.com\/AngelReynaFut\/status\/838903431691644929\">7 de marzo de 2017<\/a><\/p><\/blockquote>\n<p><script async src=\"\/\/platform.twitter.com\/widgets.js\" charset=\"utf-8\"><\/script><\/p>\n<p>\u201cDe repente la afici\u00f3n tiene poca memoria. Uno como futbolista tiene que tener poca memoria y hay que cambiar de chip. Te debes al futbol, los due\u00f1os y a la gente. Cuando vienes con otro equipo tienes que dar el m\u00e1ximo con ellos, como buen profesional\u201d, sentenci\u00f3.<\/p>\n<p><strong>S\u00edguenos en Twitter:<\/strong> <a href=\"https:\/\/twitter.com\/MXFutbolTotal\" target=\"_blank\">@MXFutbolTotal<\/a><\/p>\n","protected":false},"excerpt":{"rendered":"<p>El volante lamenta no haber salido bien del Reba\u00f1o; pero no por eso ser\u00e1 blando en j11.<\/p>\n","protected":false},"author":20,"featured_media":469344,"comment_status":"closed","ping_status":"closed","sticky":false,"template":"","format":"standard","meta":[],"categories":[2198,3845],"tags":[1659,70],"_links":{"self":[{"href":"http:\/\/desarrollo.grupomedios.com\/futbol\/wp-json\/wp\/v2\/posts\/469343"}],"collection":[{"href":"http:\/\/desarrollo.grupomedios.com\/futbol\/wp-json\/wp\/v2\/posts"}],"about":[{"href":"http:\/\/desarrollo.grupomedios.com\/futbol\/wp-json\/wp\/v2\/types\/post"}],"author":[{"embeddable":true,"href":"http:\/\/desarrollo.grupomedios.com\/futbol\/wp-json\/wp\/v2\/users\/20"}],"replies":[{"embeddable":true,"href":"http:\/\/desarrollo.grupomedios.com\/futbol\/wp-json\/wp\/v2\/comments?post=469343"}],"version-history":[{"count":1,"href":"http:\/\/desarrollo.grupomedios.com\/futbol\/wp-json\/wp\/v2\/posts\/469343\/revisions"}],"predecessor-version":[{"id":469345,"href":"http:\/\/desarrollo.grupomedios.com\/futbol\/wp-json\/wp\/v2\/posts\/469343\/revisions\/469345"}],"wp:featuredmedia":[{"embeddable":true,"href":"http:\/\/desarrollo.grupomedios.com\/futbol\/wp-json\/wp\/v2\/media\/469344"}],"wp:attachment":[{"href":"http:\/\/desarrollo.grupomedios.com\/futbol\/wp-json\/wp\/v2\/media?parent=469343"}],"wp:term":[{"taxonomy":"category","embeddable":true,"href":"http:\/\/desarrollo.grupomedios.com\/futbol\/wp-json\/wp\/v2\/categories?post=469343"},{"taxonomy":"post_tag","embeddable":true,"href":"http:\/\/desarrollo.grupomedios.com\/futbol\/wp-json\/wp\/v2\/tags?post=469343"}],"curies":[{"name":"wp","href":"https:\/\/api.w.org\/{rel}","templated":true}]}}