{"id":469347,"date":"2017-03-17T17:03:00","date_gmt":"2017-03-17T23:03:00","guid":{"rendered":"https:\/\/www.futboltotal.com.mx\/?p=469347"},"modified":"2017-03-17T17:03:00","modified_gmt":"2017-03-17T23:03:00","slug":"nos-inventaron-los-adeudos-dueno-chiapas","status":"publish","type":"post","link":"http:\/\/desarrollo.grupomedios.com\/futbol\/futbol-mexicano\/nos-inventaron-los-adeudos-dueno-chiapas\/2017\/03","title":{"rendered":"\u201cNos inventaron los adeudos\u201d: due\u00f1o de Chiapas"},"content":{"rendered":"<p>El due\u00f1o de <strong>Chiapas<\/strong> y Puebla, <strong>Jos\u00e9 Luis L\u00f3pez Chargoy<\/strong>, revel\u00f3 en una entrevista que los adeudos que hab\u00eda a jugadores al inicio del Clausura 2017 nunca existieron, pues fueron creados para desestabilizar an\u00edmica e institucionalmente al <em>Jaguar<\/em>; ya que la situaci\u00f3n hab\u00eda sido resuelta en el tiempo exigido por la Liga MX.<\/p>\n<p>\u201cEso debi\u00f3 haber sido borrado desde que iniciamos el torneo, cuando empezamos el torneo no ten\u00edamos adeudos, fue una deuda que quisieron crear y a la larga te das cuenta que no sali\u00f3 nada. No tiene por qu\u00e9 ser, mi equipo est\u00e1 al corriente en los pagos\u201d, indic\u00f3 el due\u00f1o de <strong>Chiapas<\/strong> en charla con <em>Medio Tiempo<\/em>.<\/p>\n<p><strong>Jos\u00e9 Luis L\u00f3pez Chargoy<\/strong> acept\u00f3 que hubo retrasos previo al Clausura 2017, al tiempo en qu\u00e9 explic\u00f3 por qu\u00e9 los hubo; adem\u00e1s, confirm\u00f3 que vender\u00e1 al equipo, aunque a\u00fan no encuentran a un postor fuerte.<\/p>\n<p style=\"text-align: center;\"><span style=\"color: #3366ff;\"><a style=\"color: #3366ff;\" href=\"https:\/\/www.futboltotal.com.mx\/2017\/03\/tigres-papa-cruz-azul-en-los-ultimos-cinco-anos\/\" target=\"_blank\"><strong>LEER M\u00c1S: La paternidad de Tigres sobre Cruz Azul<\/strong><\/a><\/span><\/p>\n<blockquote class=\"twitter-tweet\" data-lang=\"es\">\n<p dir=\"ltr\" lang=\"es\">El 7, 8 y 9 de abril se llevar\u00e1 a cabo el Torneo Oficial Jaguares de Chiapas Regional \u00a1Inscr\u00edbete ya! Cupo Limitado para 16 equipos <a href=\"https:\/\/twitter.com\/hashtag\/Sub15?src=hash\">#Sub15<\/a> <a href=\"https:\/\/t.co\/vzFFJRC3VX\">pic.twitter.com\/vzFFJRC3VX<\/a><\/p>\n<p>\u2014 Jaguares de Chiapas (@Chiapas_FC) <a href=\"https:\/\/twitter.com\/Chiapas_FC\/status\/842553006440628224\">17 de marzo de 2017<\/a><\/p><\/blockquote>\n<p><script async src=\"\/\/platform.twitter.com\/widgets.js\" charset=\"utf-8\"><\/script><\/p>\n<p>\u201cHubo algunas complicaciones, algunos retrasos de pago, somos constructores, tenemos universidades, a veces se retrasan los pagos, a veces un patrocinador, pero tenemos todo bien planeado ahora\u201d, concluy\u00f3.<\/p>\n<p><strong>S\u00edguenos en Twitter<\/strong>: <a href=\"https:\/\/twitter.com\/MXFutbolTotal\" target=\"_blank\">@MXFutbolTotal<\/a><\/p>\n","protected":false},"excerpt":{"rendered":"<p>Jos\u00e9 Luis L\u00f3pez Chargoy explica la situaci\u00f3n econ\u00f3mica del Jaguar.<\/p>\n","protected":false},"author":20,"featured_media":469348,"comment_status":"closed","ping_status":"closed","sticky":false,"template":"","format":"standard","meta":[],"categories":[2198,3845],"tags":[5964],"_links":{"self":[{"href":"http:\/\/desarrollo.grupomedios.com\/futbol\/wp-json\/wp\/v2\/posts\/469347"}],"collection":[{"href":"http:\/\/desarrollo.grupomedios.com\/futbol\/wp-json\/wp\/v2\/posts"}],"about":[{"href":"http:\/\/desarrollo.grupomedios.com\/futbol\/wp-json\/wp\/v2\/types\/post"}],"author":[{"embeddable":true,"href":"http:\/\/desarrollo.grupomedios.com\/futbol\/wp-json\/wp\/v2\/users\/20"}],"replies":[{"embeddable":true,"href":"http:\/\/desarrollo.grupomedios.com\/futbol\/wp-json\/wp\/v2\/comments?post=469347"}],"version-history":[{"count":1,"href":"http:\/\/desarrollo.grupomedios.com\/futbol\/wp-json\/wp\/v2\/posts\/469347\/revisions"}],"predecessor-version":[{"id":469350,"href":"http:\/\/desarrollo.grupomedios.com\/futbol\/wp-json\/wp\/v2\/posts\/469347\/revisions\/469350"}],"wp:featuredmedia":[{"embeddable":true,"href":"http:\/\/desarrollo.grupomedios.com\/futbol\/wp-json\/wp\/v2\/media\/469348"}],"wp:attachment":[{"href":"http:\/\/desarrollo.grupomedios.com\/futbol\/wp-json\/wp\/v2\/media?parent=469347"}],"wp:term":[{"taxonomy":"category","embeddable":true,"href":"http:\/\/desarrollo.grupomedios.com\/futbol\/wp-json\/wp\/v2\/categories?post=469347"},{"taxonomy":"post_tag","embeddable":true,"href":"http:\/\/desarrollo.grupomedios.com\/futbol\/wp-json\/wp\/v2\/tags?post=469347"}],"curies":[{"name":"wp","href":"https:\/\/api.w.org\/{rel}","templated":true}]}}