{"id":469398,"date":"2017-03-18T10:30:30","date_gmt":"2017-03-18T16:30:30","guid":{"rendered":"https:\/\/www.futboltotal.com.mx\/?p=469398"},"modified":"2017-03-18T13:45:19","modified_gmt":"2017-03-18T19:45:19","slug":"chicharito-leverkusen-mal-malas","status":"publish","type":"post","link":"http:\/\/desarrollo.grupomedios.com\/futbol\/destacado-home\/chicharito-leverkusen-mal-malas\/2017\/03","title":{"rendered":"Chicharito y Leverkusen, mal y de malas&#8230;"},"content":{"rendered":"<p>El Bayer Leverkusen de Javier Hern\u00e1ndez lig\u00f3 su cuarto partido consecutivo sin ganar luego de caer este s\u00e1bado por 1-0 ante el Hoffenheim.<\/p>\n<blockquote class=\"twitter-tweet\" data-lang=\"es\">\n<p dir=\"ltr\" lang=\"es\">90+3&#8242; Finaliz\u00f3 el partido:<a href=\"https:\/\/twitter.com\/achtzehn99\">@achtzehn99<\/a> 1-0 <a href=\"https:\/\/twitter.com\/hashtag\/Bayer04?src=hash\">#Bayer04<\/a><a href=\"https:\/\/twitter.com\/hashtag\/TSGB04?src=hash\">#TSGB04<\/a> <a href=\"https:\/\/t.co\/elylS8nzjo\">pic.twitter.com\/elylS8nzjo<\/a><\/p>\n<p>\u2014 Bayer 04 Leverkusen (@bayer04_es) <a href=\"https:\/\/twitter.com\/bayer04_es\/status\/843135671774711811\">18 de marzo de 2017<\/a><\/p><\/blockquote>\n<p><script async src=\"\/\/platform.twitter.com\/widgets.js\" charset=\"utf-8\"><\/script><\/p>\n<p>Chicharito inici\u00f3 el partido desde la banca luego del desgaste que tuvo a media semana cuando jugaron el partido de la Champions League ante el Atl\u00e9tico de Madrid.<\/p>\n<p>Durante la primera mitda, tanto el Hoffenheim como las Aspirinas buscaron inaugurar el marcador, pero tanto Baumann como Leno estuvieron atajando de buena manera.<\/p>\n<p style=\"text-align: center;\"><span style=\"color: #3366ff;\"><a style=\"color: #3366ff;\" href=\"https:\/\/www.futboltotal.com.mx\/2017\/03\/significa-aficionado-los-pumas\/\">LEER M\u00c1S: \u00bfQu\u00e9 es ser de los Pumas?<\/a><\/span><\/p>\n<p>El primero en generar peligro fue Wagner, pero el arquero del Leverkusen detuvo bien su disparo. Luego Kevin Volland lo intent\u00f3 pero no tuvo suerte.<\/p>\n<p>Para la segunda mitad el Hoffenheim sali\u00f3 m\u00e1s enchufado y Wagner ahora s\u00ed aprovech\u00f3, aunque con mucha suerte. El delantero punte\u00f3 el bal\u00f3n en un centro raso y la esf\u00e9rica peg\u00f3 en la pierna de Leno para incrustarse lentamente a la red.<\/p>\n<p>As\u00ed los locales se pusieron al frente en el marcador y el Leverkusen intent\u00f3 pero sin generar peligro. <strong>Chicharito<\/strong> salt\u00f3 a la cancha y la \u00fanica oportunidad que tuvo fue hasta el minuto 90&#8242; pero su disparo sali\u00f3 por encima.<\/p>\n","protected":false},"excerpt":{"rendered":"<p>El Leverkusen lig\u00f3 su cuarto partido sin ganar.<\/p>\n","protected":false},"author":129,"featured_media":463042,"comment_status":"closed","ping_status":"closed","sticky":false,"template":"","format":"standard","meta":[],"categories":[5,2198],"tags":[4335,120],"_links":{"self":[{"href":"http:\/\/desarrollo.grupomedios.com\/futbol\/wp-json\/wp\/v2\/posts\/469398"}],"collection":[{"href":"http:\/\/desarrollo.grupomedios.com\/futbol\/wp-json\/wp\/v2\/posts"}],"about":[{"href":"http:\/\/desarrollo.grupomedios.com\/futbol\/wp-json\/wp\/v2\/types\/post"}],"author":[{"embeddable":true,"href":"http:\/\/desarrollo.grupomedios.com\/futbol\/wp-json\/wp\/v2\/users\/129"}],"replies":[{"embeddable":true,"href":"http:\/\/desarrollo.grupomedios.com\/futbol\/wp-json\/wp\/v2\/comments?post=469398"}],"version-history":[{"count":1,"href":"http:\/\/desarrollo.grupomedios.com\/futbol\/wp-json\/wp\/v2\/posts\/469398\/revisions"}],"predecessor-version":[{"id":469399,"href":"http:\/\/desarrollo.grupomedios.com\/futbol\/wp-json\/wp\/v2\/posts\/469398\/revisions\/469399"}],"wp:featuredmedia":[{"embeddable":true,"href":"http:\/\/desarrollo.grupomedios.com\/futbol\/wp-json\/wp\/v2\/media\/463042"}],"wp:attachment":[{"href":"http:\/\/desarrollo.grupomedios.com\/futbol\/wp-json\/wp\/v2\/media?parent=469398"}],"wp:term":[{"taxonomy":"category","embeddable":true,"href":"http:\/\/desarrollo.grupomedios.com\/futbol\/wp-json\/wp\/v2\/categories?post=469398"},{"taxonomy":"post_tag","embeddable":true,"href":"http:\/\/desarrollo.grupomedios.com\/futbol\/wp-json\/wp\/v2\/tags?post=469398"}],"curies":[{"name":"wp","href":"https:\/\/api.w.org\/{rel}","templated":true}]}}