{"id":469402,"date":"2017-03-18T10:00:50","date_gmt":"2017-03-18T16:00:50","guid":{"rendered":"https:\/\/www.futboltotal.com.mx\/?p=469402"},"modified":"2017-03-18T13:40:57","modified_gmt":"2017-03-18T19:40:57","slug":"casemiro-salva-liderato-del-real-madrid-en-bilbao","status":"publish","type":"post","link":"http:\/\/desarrollo.grupomedios.com\/futbol\/destacado-home\/casemiro-salva-liderato-del-real-madrid-en-bilbao\/2017\/03","title":{"rendered":"Casemiro salva el liderato del Real Madrid en Bilbao"},"content":{"rendered":"<p>El Real Madrid ha ganado por 1-2 al Athletic Club de Bilbao con goles de Karim Benzema, en la primera parte, y del brasile\u00f1o Carlos Casemiro, en la segunda, en partido correspondiente a la vig\u00e9simo novena jornada de LaLiga Santander disputado en San Mam\u00e9s.<\/p>\n<blockquote class=\"twitter-tweet\" data-lang=\"es\">\n<p dir=\"ltr\" lang=\"es\">&#x1f3c1; FINAL: <a href=\"https:\/\/twitter.com\/AthleticClub\">@AthleticClub<\/a> 1-2 <a href=\"https:\/\/twitter.com\/hashtag\/RealMadrid?src=hash\">#RealMadrid<\/a><\/p>\n<p>(Aduriz 65&#8242;; <a href=\"https:\/\/twitter.com\/Benzema\">@Benzema<\/a> 25&#8242;, <a href=\"https:\/\/twitter.com\/Casemiro\">@Casemiro<\/a> 68&#8242;) &#x1f44f; <a href=\"https:\/\/twitter.com\/hashtag\/RMLiga?src=hash\">#RMLiga<\/a> <a href=\"https:\/\/twitter.com\/hashtag\/HalaMadrid?src=hash\">#HalaMadrid<\/a> <a href=\"https:\/\/t.co\/7WhEwsR6aH\">pic.twitter.com\/7WhEwsR6aH<\/a><\/p>\n<p>\u2014 Real Madrid C. F. (@realmadrid) <a href=\"https:\/\/twitter.com\/realmadrid\/status\/843146748956721154\">18 de marzo de 2017<\/a><\/p><\/blockquote>\n<p><script async src=\"\/\/platform.twitter.com\/widgets.js\" charset=\"utf-8\"><\/script><\/p>\n<p>Benzema ha adelantado al equipo blanco en el minuto 24, al rematar en el segundo palo un centro raso desde la banda izquierda de Cristiano Ronaldo en una jugada iniciada por Casemiro.<\/p>\n<p style=\"text-align: center;\"><span style=\"color: #3366ff;\"><a style=\"color: #3366ff;\" href=\"https:\/\/www.futboltotal.com.mx\/2017\/03\/chicharito-leverkusen-mal-malas\/\">LEER M\u00c1S: Chicharito y Leverkusen, mal y de malas\u2026<\/a><\/span><\/p>\n<p>En el minuto 65 el Athletic ha empatado gracias a un cabezazo de Aritz Aduriz, a pase tambi\u00e9n de cabeza de Ra\u00fal Garc\u00eda, y solo tres minutos despu\u00e9s, en el 68, Casemiro ha puesto el 1-2 definitivo con un remate dentro del \u00e1rea peque\u00f1a despu\u00e9s de que Cristiano Ronaldo peinara un c\u00f3rner botado por Toni Kroos. EFE<\/p>\n<p><iframe loading=\"lazy\" src=\"https:\/\/www.youtube.com\/embed\/E3kiTFaRqy4?feature=oembed\" frameborder=\"0\" allowfullscreen><\/iframe><\/p>\n","protected":false},"excerpt":{"rendered":"<p>Los Merengues mantendr\u00e1n el liderato en Espa\u00f1a.<\/p>\n","protected":false},"author":144,"featured_media":469403,"comment_status":"closed","ping_status":"closed","sticky":false,"template":"","format":"standard","meta":[],"categories":[5,3844],"tags":[1913,5988],"_links":{"self":[{"href":"http:\/\/desarrollo.grupomedios.com\/futbol\/wp-json\/wp\/v2\/posts\/469402"}],"collection":[{"href":"http:\/\/desarrollo.grupomedios.com\/futbol\/wp-json\/wp\/v2\/posts"}],"about":[{"href":"http:\/\/desarrollo.grupomedios.com\/futbol\/wp-json\/wp\/v2\/types\/post"}],"author":[{"embeddable":true,"href":"http:\/\/desarrollo.grupomedios.com\/futbol\/wp-json\/wp\/v2\/users\/144"}],"replies":[{"embeddable":true,"href":"http:\/\/desarrollo.grupomedios.com\/futbol\/wp-json\/wp\/v2\/comments?post=469402"}],"version-history":[{"count":1,"href":"http:\/\/desarrollo.grupomedios.com\/futbol\/wp-json\/wp\/v2\/posts\/469402\/revisions"}],"predecessor-version":[{"id":469404,"href":"http:\/\/desarrollo.grupomedios.com\/futbol\/wp-json\/wp\/v2\/posts\/469402\/revisions\/469404"}],"wp:featuredmedia":[{"embeddable":true,"href":"http:\/\/desarrollo.grupomedios.com\/futbol\/wp-json\/wp\/v2\/media\/469403"}],"wp:attachment":[{"href":"http:\/\/desarrollo.grupomedios.com\/futbol\/wp-json\/wp\/v2\/media?parent=469402"}],"wp:term":[{"taxonomy":"category","embeddable":true,"href":"http:\/\/desarrollo.grupomedios.com\/futbol\/wp-json\/wp\/v2\/categories?post=469402"},{"taxonomy":"post_tag","embeddable":true,"href":"http:\/\/desarrollo.grupomedios.com\/futbol\/wp-json\/wp\/v2\/tags?post=469402"}],"curies":[{"name":"wp","href":"https:\/\/api.w.org\/{rel}","templated":true}]}}