{"id":469407,"date":"2017-03-18T13:43:50","date_gmt":"2017-03-18T19:43:50","guid":{"rendered":"https:\/\/www.futboltotal.com.mx\/?p=469407"},"modified":"2017-03-18T13:43:50","modified_gmt":"2017-03-18T19:43:50","slug":"marco-fabian-regreso-pero-eintracht-frankfurt-sigue-sin-ganar","status":"publish","type":"post","link":"http:\/\/desarrollo.grupomedios.com\/futbol\/destacado-home\/marco-fabian-regreso-pero-eintracht-frankfurt-sigue-sin-ganar\/2017\/03","title":{"rendered":"Marco Fabi\u00e1n regres\u00f3 pero Eintracht sigue sin ganar"},"content":{"rendered":"<p>El mexicano Marco Fabi\u00e1n regres\u00f3 a las canchas como titular en el partido que su equipo, el Eintracht Frankfurt, empat\u00f3 como local 0-0 ante el Hamburgo en la Jornada 25 de la Bundesliga.<\/p>\n<blockquote class=\"twitter-tweet\" data-lang=\"es\">\n<p dir=\"ltr\" lang=\"es\">90+2&#8242; El partido de la Jornada 25 termin\u00f3 en empate: <a href=\"https:\/\/twitter.com\/hashtag\/SGEHSV?src=hash\">#SGEHSV<\/a> 0-0 <a href=\"https:\/\/t.co\/3tjg0zgrnC\">pic.twitter.com\/3tjg0zgrnC<\/a><\/p>\n<p>\u2014 eintracht_esp (@eintracht_esp) <a href=\"https:\/\/twitter.com\/eintracht_esp\/status\/843180199239995393\">18 de marzo de 2017<\/a><\/p><\/blockquote>\n<p><script async src=\"\/\/platform.twitter.com\/widgets.js\" charset=\"utf-8\"><\/script><\/p>\n<p>Desde los primeros minutos el partido fue de ida y vuelta en ambas \u00e1reas pero ninguno de los equipos puso en aprieto a los porteros.<\/p>\n<p>En la primera mitad la jugada m\u00e1s destacada fue un disparo de Hrgota. El jugador del Eintracht prendi\u00f3 una volea en el \u00e1rea que roso el poste.<\/p>\n<p style=\"text-align: center;\"><span style=\"color: #3366ff;\"><a style=\"color: #3366ff;\" href=\"https:\/\/www.futboltotal.com.mx\/2017\/03\/chicharito-leverkusen-mal-malas\/\">LEER M\u00c1S: Chicharito y Leverkusen, mal y de malas\u2026<\/a><\/span><\/p>\n<p>Para la parte complementaria el Hamburgo quiso ir por el triunfo pero tampoco vio suerte. Incluso las \u00c1guilas estuvieron m\u00e1s cerca con un remate de Marco Fabi\u00e1n y otro del jamaiquino H\u00e9ctor que se estrell\u00f3 en el poste.<\/p>\n<p>En la \u00faltima jugada del partido y luego de un tiro de esquina a favor de los visitantes, los delanteros del Eintracht aprovecharon un contragolpe pero el arquero Adler evit\u00f3 que Marc\u00f3 Fabi\u00e1n empujara el bal\u00f3n a la red.<\/p>\n","protected":false},"excerpt":{"rendered":"<p>El atacante mexicano volvi\u00f3 a ser titular con las \u00c1guilas.<\/p>\n","protected":false},"author":129,"featured_media":454753,"comment_status":"closed","ping_status":"closed","sticky":false,"template":"","format":"standard","meta":[],"categories":[5,3839],"tags":[119,3588,131],"_links":{"self":[{"href":"http:\/\/desarrollo.grupomedios.com\/futbol\/wp-json\/wp\/v2\/posts\/469407"}],"collection":[{"href":"http:\/\/desarrollo.grupomedios.com\/futbol\/wp-json\/wp\/v2\/posts"}],"about":[{"href":"http:\/\/desarrollo.grupomedios.com\/futbol\/wp-json\/wp\/v2\/types\/post"}],"author":[{"embeddable":true,"href":"http:\/\/desarrollo.grupomedios.com\/futbol\/wp-json\/wp\/v2\/users\/129"}],"replies":[{"embeddable":true,"href":"http:\/\/desarrollo.grupomedios.com\/futbol\/wp-json\/wp\/v2\/comments?post=469407"}],"version-history":[{"count":1,"href":"http:\/\/desarrollo.grupomedios.com\/futbol\/wp-json\/wp\/v2\/posts\/469407\/revisions"}],"predecessor-version":[{"id":469408,"href":"http:\/\/desarrollo.grupomedios.com\/futbol\/wp-json\/wp\/v2\/posts\/469407\/revisions\/469408"}],"wp:featuredmedia":[{"embeddable":true,"href":"http:\/\/desarrollo.grupomedios.com\/futbol\/wp-json\/wp\/v2\/media\/454753"}],"wp:attachment":[{"href":"http:\/\/desarrollo.grupomedios.com\/futbol\/wp-json\/wp\/v2\/media?parent=469407"}],"wp:term":[{"taxonomy":"category","embeddable":true,"href":"http:\/\/desarrollo.grupomedios.com\/futbol\/wp-json\/wp\/v2\/categories?post=469407"},{"taxonomy":"post_tag","embeddable":true,"href":"http:\/\/desarrollo.grupomedios.com\/futbol\/wp-json\/wp\/v2\/tags?post=469407"}],"curies":[{"name":"wp","href":"https:\/\/api.w.org\/{rel}","templated":true}]}}