{"id":469411,"date":"2017-03-18T14:49:33","date_gmt":"2017-03-18T20:49:33","guid":{"rendered":"https:\/\/www.futboltotal.com.mx\/?p=469411"},"modified":"2017-03-18T14:49:33","modified_gmt":"2017-03-18T20:49:33","slug":"alaves-sorprendio-a-la-real-vela-los-alejo-champions","status":"publish","type":"post","link":"http:\/\/desarrollo.grupomedios.com\/futbol\/futbol-internacional\/alaves-sorprendio-a-la-real-vela-los-alejo-champions\/2017\/03","title":{"rendered":"Alav\u00e9s sorprendi\u00f3 a la Real de Vela y los alej\u00f3 de Champions"},"content":{"rendered":"<p>El Alav\u00e9s sum\u00f3 tres puntos de oro al ganar el &#8216;derbi&#8217; ante la Real Sociedad de Carlos Vela y ya acumula 40 puntos, mientras que los donostiarras se quedan con 48.<\/p>\n<p>Se adelant\u00f3 al filo del descanso el equipo vitoriano ante un adversario que domin\u00f3 m\u00e1s la pelota. En la segunda mitad, Deyverson, que rompi\u00f3 una racha de m\u00e1s de tres meses sin marcar, y Jero Rulli protagonizaron un estelar duelo.<\/p>\n<blockquote class=\"twitter-tweet\" data-lang=\"es\">\n<p dir=\"ltr\" lang=\"es\">\u00a1\u00a1\u00a1VICTORIA!!! <a href=\"https:\/\/twitter.com\/hashtag\/Alav%C3%A9s?src=hash\">#Alav\u00e9s<\/a> 1 &#8211; <a href=\"https:\/\/twitter.com\/RealSociedad\">@RealSociedad<\/a> 0 \u00a1Triunfo albiazul en un emocionante derbi! \u00a1Grande equipo! <a href=\"https:\/\/twitter.com\/hashtag\/GoazenGlorioso?src=hash\">#GoazenGlorioso<\/a> <a href=\"https:\/\/twitter.com\/hashtag\/Alav%C3%A9sRealSociedad?src=hash\">#Alav\u00e9sRealSociedad<\/a> <a href=\"https:\/\/t.co\/djtglVAOyX\">pic.twitter.com\/djtglVAOyX<\/a><\/p>\n<p>\u2014 Deportivo Alav\u00e9s (@Alaves) <a href=\"https:\/\/twitter.com\/Alaves\/status\/843180325547204609\">18 de marzo de 2017<\/a><\/p><\/blockquote>\n<p><script async src=\"\/\/platform.twitter.com\/widgets.js\" charset=\"utf-8\"><\/script><\/p>\n<p>En el minuto 66, los donostiarras se quedaron con diez jugadores, tras la expulsi\u00f3n de Granero, y acabaron encerrando en el \u00e1rea a un cuadro local que supo defender su ventaja con mucho orden.<\/p>\n<p>Ambos equipos empezaron con mucha intensidad, con un cuadro local que trataba de crear peligro sobre la porter\u00eda de Rulli y un conjunto donostiarra que se defend\u00eda con mucho orden.<\/p>\n<p>Sin embargo, fueron los de Eusebio los que disfrutaron de la primera ocasi\u00f3n clara cuando, en el minuto siete, Yuri se deshizo de varios rivales en una espectacular jugada y su remate fue despejado por Fernando Pacheco en una muy acertada intervenci\u00f3n.<\/p>\n<p style=\"text-align: center;\"><span style=\"color: #3366ff;\"><a style=\"color: #3366ff;\" href=\"https:\/\/www.futboltotal.com.mx\/2017\/03\/chicharito-leverkusen-mal-malas\/\">LEER M\u00c1S: Chicharito y Leverkusen, mal y de malas\u2026<\/a><\/span><\/p>\n<p>En el minuto 14, <strong>Carlos Vela<\/strong> rob\u00f3 un bal\u00f3n en el centro del campo, pero su flojo disparo fue a las manos del meta albiazul. Con Marcos Llorente como referente, buscaba crear juego el once de Pellegrino, pero sufr\u00eda ante un rival que le presionaba con las l\u00edneas muy juntas en zonas adelantadas.<\/p>\n<p>Reaccion\u00f3 el Alav\u00e9s,lleg\u00f3 m\u00e1s entero al tramo final de la primera mitad el Alav\u00e9s que una Real Sociedad que trat\u00f3 en todo momento de combinar y mantener la posesi\u00f3n de la pelota. Los albiazules, mucho m\u00e1s verticales obtuvieron el premio a su garra en el minuto 42 cuando, tras una gran galopada por la izquierda, Theo asisti\u00f3 a Deyverson, que bati\u00f3 a Rulli y puso fin as\u00ed a una racha de m\u00e1s de tres meses sin marcar.<\/p>\n<p>Nada m\u00e1s comenzar la segunda mitad, el ariete albiazul y el portero local reanudaron su espectacular duelo y, en el minuto 48, Jero Rulli realiz\u00f3 un gran parad\u00f3n ante un remate a bocajarro de Deyverson.<\/p>\n<p>En los minutos 58 y 64 volvi\u00f3 a ganar el duelo el cancerbero. En la primera ocasi\u00f3n meti\u00f3 una soberbia mano para desviar a la madera un dur\u00edsimo testarazo del delantero, en inmejorable posici\u00f3n para marcar. En la segunda sali\u00f3 muy r\u00e1pido a los pies del brasile\u00f1o en un nuevo uno contra uno.<\/p>\n<p><iframe loading=\"lazy\" src=\"https:\/\/www.youtube.com\/embed\/4EBBEgqsyXw?feature=oembed\" frameborder=\"0\" allowfullscreen><\/iframe><\/p>\n<p>Sufri\u00f3 un serio contratiempo la Real Sociedad con la expulsi\u00f3n por doble amarilla de Esteban Granero en el minuto 66. Pese a quedarse con diez, los de Eusebio, que tuvieron el 58% de la posesi\u00f3n de bal\u00f3n, buscaron con ah\u00ednco el empate, pero el Alav\u00e9s se defendi\u00f3 con mucho orden hasta el piti<\/p>\n","protected":false},"excerpt":{"rendered":"<p>El equipo del mexicano no pudo alcanzar al cuarta posici\u00f3n.<\/p>\n","protected":false},"author":144,"featured_media":469412,"comment_status":"closed","ping_status":"closed","sticky":false,"template":"","format":"standard","meta":[],"categories":[3839,3844],"tags":[6048,1913,102],"_links":{"self":[{"href":"http:\/\/desarrollo.grupomedios.com\/futbol\/wp-json\/wp\/v2\/posts\/469411"}],"collection":[{"href":"http:\/\/desarrollo.grupomedios.com\/futbol\/wp-json\/wp\/v2\/posts"}],"about":[{"href":"http:\/\/desarrollo.grupomedios.com\/futbol\/wp-json\/wp\/v2\/types\/post"}],"author":[{"embeddable":true,"href":"http:\/\/desarrollo.grupomedios.com\/futbol\/wp-json\/wp\/v2\/users\/144"}],"replies":[{"embeddable":true,"href":"http:\/\/desarrollo.grupomedios.com\/futbol\/wp-json\/wp\/v2\/comments?post=469411"}],"version-history":[{"count":1,"href":"http:\/\/desarrollo.grupomedios.com\/futbol\/wp-json\/wp\/v2\/posts\/469411\/revisions"}],"predecessor-version":[{"id":469413,"href":"http:\/\/desarrollo.grupomedios.com\/futbol\/wp-json\/wp\/v2\/posts\/469411\/revisions\/469413"}],"wp:featuredmedia":[{"embeddable":true,"href":"http:\/\/desarrollo.grupomedios.com\/futbol\/wp-json\/wp\/v2\/media\/469412"}],"wp:attachment":[{"href":"http:\/\/desarrollo.grupomedios.com\/futbol\/wp-json\/wp\/v2\/media?parent=469411"}],"wp:term":[{"taxonomy":"category","embeddable":true,"href":"http:\/\/desarrollo.grupomedios.com\/futbol\/wp-json\/wp\/v2\/categories?post=469411"},{"taxonomy":"post_tag","embeddable":true,"href":"http:\/\/desarrollo.grupomedios.com\/futbol\/wp-json\/wp\/v2\/tags?post=469411"}],"curies":[{"name":"wp","href":"https:\/\/api.w.org\/{rel}","templated":true}]}}