{"id":469415,"date":"2017-03-18T15:44:08","date_gmt":"2017-03-18T21:44:08","guid":{"rendered":"https:\/\/www.futboltotal.com.mx\/?p=469415"},"modified":"2017-03-18T15:45:41","modified_gmt":"2017-03-18T21:45:41","slug":"alejandro-palacios-pikolin-trollea-al-tri-al-convocado","status":"publish","type":"post","link":"http:\/\/desarrollo.grupomedios.com\/futbol\/futbol-mexicano\/alejandro-palacios-pikolin-trollea-al-tri-al-convocado\/2017\/03","title":{"rendered":"\u00a1\u00bfPikol\u00edn trollea al Tri al no ser convocado?!"},"content":{"rendered":"<p>El portero de los Pumas, <strong>Alejandro Palacios<\/strong>, el <strong>Pikol\u00edn<\/strong>, public\u00f3 a trav\u00e9s de su cuenta de Twitter, una imagen donde muestra su orgullo, por pertenecer a la comunidad universitaria de la UNAM, pues fue, tanto estudiante de la M\u00e1xima Casa de Estudios, como miembro del equipo que juega en CU.<\/p>\n<p>Lo curioso de la imagen es el Hashtag que utiliza, <em>#SoyUNAM<\/em>, que es similar al que usaron los futbolistas convocados a la <a href=\"http:\/\/futboltotal.com.mx\/futbol-mexicano\/seleccion-mexicana\/\" target=\"_blank\">Selecci\u00f3n Mexicana<\/a>, para los juegos del Hexagonal de CONCACAF, que se celebrar\u00e1n en marzo pr\u00f3ximo.<\/p>\n<blockquote class=\"twitter-tweet\" data-lang=\"es\">\n<p dir=\"ltr\" lang=\"es\">\u00a1Ser Universitario es un orgullo! <a href=\"https:\/\/twitter.com\/hashtag\/SoyUNAM?src=hash\">#SoyUNAM<\/a> <a href=\"https:\/\/t.co\/fi6nZk6Dix\">pic.twitter.com\/fi6nZk6Dix<\/a><\/p>\n<p>\u2014 Alejandro Palacios (@APikolin1) <a href=\"https:\/\/twitter.com\/APikolin1\/status\/843207907554607104\">18 de marzo de 2017<\/a><\/p><\/blockquote>\n<p><script async src=\"\/\/platform.twitter.com\/widgets.js\" charset=\"utf-8\"><\/script><br \/>\nCabe recordar que el <strong>Pikol\u00edn<\/strong> se t\u00edtulo como Licenciado en Derecho en la Universidad Nacional Aut\u00f3noma de M\u00e9xico, en 2013; y ahora se encuentra estudiando una especialidad en CU, raz\u00f3n por la que habr\u00eda tomado las fotos.<\/p>\n<blockquote class=\"instagram-media\" style=\"background: #FFF; border: 0; border-radius: 3px; box-shadow: 0 0 1px 0 rgba(0,0,0,0.5),0 1px 10px 0 rgba(0,0,0,0.15); margin: 1px; max-width: 658px; padding: 0; width: calc(100% - 2px);\" data-instgrm-captioned=\"\" data-instgrm-version=\"7\">\n<div style=\"padding: 8px;\">\n<div style=\"background: #F8F8F8; line-height: 0; margin-top: 40px; padding: 50.0% 0; text-align: center; width: 100%;\"><\/div>\n<p style=\"margin: 8px 0 0 0; padding: 0 4px;\"><a style=\"color: #000; font-family: Arial,sans-serif; font-size: 14px; font-style: normal; font-weight: normal; line-height: 17px; text-decoration: none; word-wrap: break-word;\" href=\"https:\/\/www.instagram.com\/p\/BRyxEhfldsU\/\" target=\"_blank\">&#8221; POR MI RAZA HABLAR\u00c1 EL ESP\u00cdRITU&#8221;. Mi querida alma mater. UNAM. 18-marzo-2017<\/a><\/p>\n<p style=\"color: #c9c8cd; font-family: Arial,sans-serif; font-size: 14px; line-height: 17px; margin-bottom: 0; margin-top: 8px; overflow: hidden; padding: 8px 0 7px; text-align: center; text-overflow: ellipsis; white-space: nowrap;\">Una publicaci\u00f3n compartida de Alejandro Pikol\u00edn Palacios (@apikolin1) el <time style=\"font-family: Arial,sans-serif; font-size: 14px; line-height: 17px;\" datetime=\"2017-03-18T20:40:45+00:00\">18 de Mar de 2017 a la(s) 1:40 PDT<\/time><\/p>\n<\/div>\n<\/blockquote>\n<p><script async defer src=\"\/\/platform.instagram.com\/en_US\/embeds.js\"><\/script><\/p>\n<p>S\u00edguenos en Twitter:<a href=\"https:\/\/twitter.com\/MXFutbolTotal\" target=\"_blank\"> @MXFutbolTotal<\/a><\/p>\n","protected":false},"excerpt":{"rendered":"<p>El cancerbero de los Pumas, presume su orgullo.<\/p>\n","protected":false},"author":20,"featured_media":469416,"comment_status":"closed","ping_status":"closed","sticky":false,"template":"","format":"standard","meta":[],"categories":[5419,2198],"tags":[2835,74],"_links":{"self":[{"href":"http:\/\/desarrollo.grupomedios.com\/futbol\/wp-json\/wp\/v2\/posts\/469415"}],"collection":[{"href":"http:\/\/desarrollo.grupomedios.com\/futbol\/wp-json\/wp\/v2\/posts"}],"about":[{"href":"http:\/\/desarrollo.grupomedios.com\/futbol\/wp-json\/wp\/v2\/types\/post"}],"author":[{"embeddable":true,"href":"http:\/\/desarrollo.grupomedios.com\/futbol\/wp-json\/wp\/v2\/users\/20"}],"replies":[{"embeddable":true,"href":"http:\/\/desarrollo.grupomedios.com\/futbol\/wp-json\/wp\/v2\/comments?post=469415"}],"version-history":[{"count":3,"href":"http:\/\/desarrollo.grupomedios.com\/futbol\/wp-json\/wp\/v2\/posts\/469415\/revisions"}],"predecessor-version":[{"id":469420,"href":"http:\/\/desarrollo.grupomedios.com\/futbol\/wp-json\/wp\/v2\/posts\/469415\/revisions\/469420"}],"wp:featuredmedia":[{"embeddable":true,"href":"http:\/\/desarrollo.grupomedios.com\/futbol\/wp-json\/wp\/v2\/media\/469416"}],"wp:attachment":[{"href":"http:\/\/desarrollo.grupomedios.com\/futbol\/wp-json\/wp\/v2\/media?parent=469415"}],"wp:term":[{"taxonomy":"category","embeddable":true,"href":"http:\/\/desarrollo.grupomedios.com\/futbol\/wp-json\/wp\/v2\/categories?post=469415"},{"taxonomy":"post_tag","embeddable":true,"href":"http:\/\/desarrollo.grupomedios.com\/futbol\/wp-json\/wp\/v2\/tags?post=469415"}],"curies":[{"name":"wp","href":"https:\/\/api.w.org\/{rel}","templated":true}]}}