{"id":469504,"date":"2017-03-18T23:42:43","date_gmt":"2017-03-19T05:42:43","guid":{"rendered":"https:\/\/www.futboltotal.com.mx\/?p=469504"},"modified":"2017-03-19T08:17:25","modified_gmt":"2017-03-19T14:17:25","slug":"dia-chaco-gimenez-humillo-a-gignac","status":"publish","type":"post","link":"http:\/\/desarrollo.grupomedios.com\/futbol\/videos\/dia-chaco-gimenez-humillo-a-gignac\/2017\/03","title":{"rendered":"\u00a1Chaco Gim\u00e9nez humill\u00f3 a Gignac!"},"content":{"rendered":"<p>El Cruz Azul vs Tigres no result\u00f3 tan atractivo como se esperaba, en especial el segundo tiempo, donde las acciones de gol se redujeron; sin embargo, en la recta final del encuentro algo encendi\u00f3 a la afici\u00f3n celeste; fue su \u00eddolo, el <strong><em>Chaco<\/em> Gim\u00e9nez<\/strong>, que se dio el lujo de humillar a <strong>Gignac<\/strong>.<\/p>\n<p>Era una jugada manifiesta de gol de <strong>Andr\u00e9-Pierre Gignac<\/strong>, quien se enfilaba para encarar a Jos\u00e9 de Jes\u00fas Corona, hasta que un jugador cementero lo rebas\u00f3 y le rob\u00f3 el esf\u00e9rico: se trataba de <strong>Christian <em>el Chaco<\/em> Gim\u00e9nez<\/strong>, quien se llev\u00f3 los c\u00e1nticos de la afici\u00f3n, tras realizar tal jugada.<\/p>\n<p style=\"text-align: center;\"><span style=\"color: #3366ff;\"><a style=\"color: #3366ff;\" href=\"https:\/\/www.futboltotal.com.mx\/2017\/03\/resultado-liga-mx-cruz-azul-0-0-tigres\/\" target=\"_blank\"><strong>LEER M\u00c1S: Mart\u00edn Cauteruccio, el responsable del empate ante Tigres<\/strong><\/a><\/span><\/p>\n<blockquote class=\"twitter-video\" data-lang=\"es\">\n<p dir=\"ltr\" lang=\"es\">Enormeee el Chaco Jim\u00e9nez ,<br \/>\nal minuto 84 le quita una clara<br \/>\nde gol a Gignac <a href=\"https:\/\/twitter.com\/hashtag\/AzulEsTodo?src=hash\">#AzulEsTodo<\/a> <a href=\"https:\/\/twitter.com\/hashtag\/ElFuturoEsAzul?src=hash\">#ElFuturoEsAzul<\/a> <a href=\"https:\/\/twitter.com\/hashtag\/queTDefine?src=hash\">#queTDefine<\/a><br \/>\n&#x1f630;&#x1f630;&#x1f630; <a href=\"https:\/\/t.co\/V2qVNymI2R\">pic.twitter.com\/V2qVNymI2R<\/a><\/p>\n<p>\u2014 caciano dinorin (@dinoazul1974) <a href=\"https:\/\/twitter.com\/dinoazul1974\/status\/843269444747087872\">19 de marzo de 2017<\/a><\/p><\/blockquote>\n<p><script async src=\"\/\/platform.twitter.com\/widgets.js\" charset=\"utf-8\"><\/script><\/p>\n<p>S\u00edguenos en Twitter: <a href=\"https:\/\/twitter.com\/MXFutbolTotal\" target=\"_blank\">@MXFutbolTotal<\/a><\/p>\n","protected":false},"excerpt":{"rendered":"<p>Christian se atrevi\u00f3 a dejar en rid\u00edculo al franc\u00e9s, para encender el Azul.<\/p>\n","protected":false},"author":20,"featured_media":469506,"comment_status":"closed","ping_status":"closed","sticky":false,"template":"","format":"standard","meta":[],"categories":[2198,3845,4,6433],"tags":[368,5962],"_links":{"self":[{"href":"http:\/\/desarrollo.grupomedios.com\/futbol\/wp-json\/wp\/v2\/posts\/469504"}],"collection":[{"href":"http:\/\/desarrollo.grupomedios.com\/futbol\/wp-json\/wp\/v2\/posts"}],"about":[{"href":"http:\/\/desarrollo.grupomedios.com\/futbol\/wp-json\/wp\/v2\/types\/post"}],"author":[{"embeddable":true,"href":"http:\/\/desarrollo.grupomedios.com\/futbol\/wp-json\/wp\/v2\/users\/20"}],"replies":[{"embeddable":true,"href":"http:\/\/desarrollo.grupomedios.com\/futbol\/wp-json\/wp\/v2\/comments?post=469504"}],"version-history":[{"count":2,"href":"http:\/\/desarrollo.grupomedios.com\/futbol\/wp-json\/wp\/v2\/posts\/469504\/revisions"}],"predecessor-version":[{"id":469510,"href":"http:\/\/desarrollo.grupomedios.com\/futbol\/wp-json\/wp\/v2\/posts\/469504\/revisions\/469510"}],"wp:featuredmedia":[{"embeddable":true,"href":"http:\/\/desarrollo.grupomedios.com\/futbol\/wp-json\/wp\/v2\/media\/469506"}],"wp:attachment":[{"href":"http:\/\/desarrollo.grupomedios.com\/futbol\/wp-json\/wp\/v2\/media?parent=469504"}],"wp:term":[{"taxonomy":"category","embeddable":true,"href":"http:\/\/desarrollo.grupomedios.com\/futbol\/wp-json\/wp\/v2\/categories?post=469504"},{"taxonomy":"post_tag","embeddable":true,"href":"http:\/\/desarrollo.grupomedios.com\/futbol\/wp-json\/wp\/v2\/tags?post=469504"}],"curies":[{"name":"wp","href":"https:\/\/api.w.org\/{rel}","templated":true}]}}