{"id":469529,"date":"2017-03-19T10:11:53","date_gmt":"2017-03-19T16:11:53","guid":{"rendered":"https:\/\/www.futboltotal.com.mx\/?p=469529"},"modified":"2017-03-19T10:11:53","modified_gmt":"2017-03-19T16:11:53","slug":"cristiano-gran-enojo-zidane","status":"publish","type":"post","link":"http:\/\/desarrollo.grupomedios.com\/futbol\/videos\/cristiano-gran-enojo-zidane\/2017\/03","title":{"rendered":"\u00a1Cristiano tiene otro gran enojo con Zidane!"},"content":{"rendered":"<p>Para <strong>Cristiano Ronaldo<\/strong> no fue suficiente haber participado en los dos goles de la victoria 2-1 ante Athletic de Bilbao, que mantuvieron al Real Madrid en el superliderato de la Liga. El <em>crack<\/em> portugu\u00e9s acab\u00f3 muy molest\u00f3 en San Mam\u00e9s despu\u00e9s de que Zinedine Zinade lo sustituy\u00f3 a 11 minutos del final.<\/p>\n<p>Y es que <strong>Cristiano<\/strong> no quer\u00eda irse sin gol y, aunque sali\u00f3 del campo y choc\u00f3 las manos con Isco, se fue a rega\u00f1adientes al banquillo entre una hostil rechifla del estadio y acatando su quinta sustituci\u00f3n en lo que va de la temporada. Las c\u00e1maras captaron cuando, el luso lanzando maldiciones al salir del campo.<\/p>\n<p style=\"text-align: center;\"><a href=\"https:\/\/www.futboltotal.com.mx\/futbol-internacional\/\"><span style=\"color: #3366ff;\">VER M\u00c1S: Todas las noticias de futbol internacional<\/span><\/a><\/p>\n<p><iframe loading=\"lazy\" src=\"https:\/\/www.youtube.com\/embed\/YsJMSNTBngU?ecver=1\" frameborder=\"0\" allowfullscreen=\"allowfullscreen\"><\/iframe><\/p>\n","protected":false},"excerpt":{"rendered":"<p>El luso fue sustituido por quinta ocasi\u00f3n en la temporada 2016-17.<\/p>\n","protected":false},"author":20,"featured_media":469530,"comment_status":"closed","ping_status":"closed","sticky":false,"template":"","format":"standard","meta":[],"categories":[3839,3844,4],"tags":[6013,5988],"_links":{"self":[{"href":"http:\/\/desarrollo.grupomedios.com\/futbol\/wp-json\/wp\/v2\/posts\/469529"}],"collection":[{"href":"http:\/\/desarrollo.grupomedios.com\/futbol\/wp-json\/wp\/v2\/posts"}],"about":[{"href":"http:\/\/desarrollo.grupomedios.com\/futbol\/wp-json\/wp\/v2\/types\/post"}],"author":[{"embeddable":true,"href":"http:\/\/desarrollo.grupomedios.com\/futbol\/wp-json\/wp\/v2\/users\/20"}],"replies":[{"embeddable":true,"href":"http:\/\/desarrollo.grupomedios.com\/futbol\/wp-json\/wp\/v2\/comments?post=469529"}],"version-history":[{"count":1,"href":"http:\/\/desarrollo.grupomedios.com\/futbol\/wp-json\/wp\/v2\/posts\/469529\/revisions"}],"predecessor-version":[{"id":469531,"href":"http:\/\/desarrollo.grupomedios.com\/futbol\/wp-json\/wp\/v2\/posts\/469529\/revisions\/469531"}],"wp:featuredmedia":[{"embeddable":true,"href":"http:\/\/desarrollo.grupomedios.com\/futbol\/wp-json\/wp\/v2\/media\/469530"}],"wp:attachment":[{"href":"http:\/\/desarrollo.grupomedios.com\/futbol\/wp-json\/wp\/v2\/media?parent=469529"}],"wp:term":[{"taxonomy":"category","embeddable":true,"href":"http:\/\/desarrollo.grupomedios.com\/futbol\/wp-json\/wp\/v2\/categories?post=469529"},{"taxonomy":"post_tag","embeddable":true,"href":"http:\/\/desarrollo.grupomedios.com\/futbol\/wp-json\/wp\/v2\/tags?post=469529"}],"curies":[{"name":"wp","href":"https:\/\/api.w.org\/{rel}","templated":true}]}}