{"id":469536,"date":"2017-03-19T11:19:59","date_gmt":"2017-03-19T17:19:59","guid":{"rendered":"https:\/\/www.futboltotal.com.mx\/?p=469536"},"modified":"2017-03-19T11:19:59","modified_gmt":"2017-03-19T17:19:59","slug":"america-enorme-gesto-renato-ibarra","status":"publish","type":"post","link":"http:\/\/desarrollo.grupomedios.com\/futbol\/futbol-mexicano\/america-enorme-gesto-renato-ibarra\/2017\/03","title":{"rendered":"Am\u00e9rica tiene enorme gesto con Renato Ibarra"},"content":{"rendered":"<p>Previo al Cl\u00e1sico Capitalino ante Pumas, las \u00c1guilas del <strong>Am\u00e9rica<\/strong> han tenido un gesto de solidaridad con el delantero ecuatoriano <strong>Renato Ibarra<\/strong>, quien se perder\u00e1 el esto del Clausura 2017 por una doble fractura de peron\u00e9.<\/p>\n<p>A trav\u00e9s de redes sociales, el club dirigido por Ricardo La Volpe mand\u00f3 un mensaje de aliento para Ibarra y revel\u00f3 que este domingo utilizar\u00e1 una camiseta con el hashtag #FuerzaRenato.<\/p>\n<p>&#8220;\u00a1Siempre con nosotros Renato Ibarra, recup\u00e9rate pronto! #FuerzaRenato&#8221;, public\u00f3 el club.<\/p>\n<p style=\"text-align: center;\"><a href=\"https:\/\/www.futboltotal.com.mx\/en-vivo\/en-vivo-pumas-vs-america-jornada-11-clausura-2017\/19\/\"><span style=\"color: #3366ff;\">VER M\u00c1S: EN VIVO | Pumas vs Am\u00e9rica | Jornada 11<\/span><\/a><\/p>\n<blockquote class=\"twitter-tweet\" data-lang=\"es\">\n<p dir=\"ltr\" lang=\"es\">\u00a1Siempre con nosotros <a href=\"https:\/\/twitter.com\/RenatoIbarraM\">@RenatoIbarraM<\/a>, recup\u00e9rate pronto! <a href=\"https:\/\/twitter.com\/hashtag\/FuerzaRenato?src=hash\">#FuerzaRenato<\/a> <a href=\"https:\/\/t.co\/dTuqCkbnHI\">pic.twitter.com\/dTuqCkbnHI<\/a><\/p>\n<p>\u2014 Club Am\u00e9rica (@ClubAmerica) <a href=\"https:\/\/twitter.com\/ClubAmerica\/status\/843484332664733697\">19 de marzo de 2017<\/a><\/p><\/blockquote>\n<p><script async src=\"\/\/platform.twitter.com\/widgets.js\" charset=\"utf-8\"><\/script><\/p>\n","protected":false},"excerpt":{"rendered":"<p>El club utilizar\u00e1 una camiseta especial con la leyenda #FuerzaRenato. <\/p>\n","protected":false},"author":20,"featured_media":469537,"comment_status":"closed","ping_status":"closed","sticky":false,"template":"","format":"standard","meta":[],"categories":[2198,3845,5950],"tags":[5959,7468],"_links":{"self":[{"href":"http:\/\/desarrollo.grupomedios.com\/futbol\/wp-json\/wp\/v2\/posts\/469536"}],"collection":[{"href":"http:\/\/desarrollo.grupomedios.com\/futbol\/wp-json\/wp\/v2\/posts"}],"about":[{"href":"http:\/\/desarrollo.grupomedios.com\/futbol\/wp-json\/wp\/v2\/types\/post"}],"author":[{"embeddable":true,"href":"http:\/\/desarrollo.grupomedios.com\/futbol\/wp-json\/wp\/v2\/users\/20"}],"replies":[{"embeddable":true,"href":"http:\/\/desarrollo.grupomedios.com\/futbol\/wp-json\/wp\/v2\/comments?post=469536"}],"version-history":[{"count":1,"href":"http:\/\/desarrollo.grupomedios.com\/futbol\/wp-json\/wp\/v2\/posts\/469536\/revisions"}],"predecessor-version":[{"id":469538,"href":"http:\/\/desarrollo.grupomedios.com\/futbol\/wp-json\/wp\/v2\/posts\/469536\/revisions\/469538"}],"wp:featuredmedia":[{"embeddable":true,"href":"http:\/\/desarrollo.grupomedios.com\/futbol\/wp-json\/wp\/v2\/media\/469537"}],"wp:attachment":[{"href":"http:\/\/desarrollo.grupomedios.com\/futbol\/wp-json\/wp\/v2\/media?parent=469536"}],"wp:term":[{"taxonomy":"category","embeddable":true,"href":"http:\/\/desarrollo.grupomedios.com\/futbol\/wp-json\/wp\/v2\/categories?post=469536"},{"taxonomy":"post_tag","embeddable":true,"href":"http:\/\/desarrollo.grupomedios.com\/futbol\/wp-json\/wp\/v2\/tags?post=469536"}],"curies":[{"name":"wp","href":"https:\/\/api.w.org\/{rel}","templated":true}]}}