{"id":469561,"date":"2017-03-19T14:37:55","date_gmt":"2017-03-19T20:37:55","guid":{"rendered":"https:\/\/www.futboltotal.com.mx\/?p=469561"},"modified":"2017-03-19T16:04:32","modified_gmt":"2017-03-19T22:04:32","slug":"tecatito-marca-golazo-en-regreso-al-porto","status":"publish","type":"post","link":"http:\/\/desarrollo.grupomedios.com\/futbol\/destacado-home\/tecatito-marca-golazo-en-regreso-al-porto\/2017\/03","title":{"rendered":"\u00a1&#8217;Tecracktito&#8217; marc\u00f3 golazo en su regreso al Porto!"},"content":{"rendered":"<p>El Porto de <strong>Jes\u00fas Corona, Miguel Lay\u00fan y H\u00e9ctor Herrera<\/strong> desaprovech\u00f3 hoy, domingo, la oportunidad de colocarse l\u00edder del campeonato portugu\u00e9s tras empatar a uno con el Vitoria de Set\u00fabal, por lo que sigue segundo a un punto del l\u00edder, el Benfica, que este s\u00e1bado tambi\u00e9n empat\u00f3 con el Pa\u00e7os de Ferreira, juego que qued\u00f3 marcado por un tremendo golazo de <strong>Tecatito.\u00a0<\/strong><\/p>\n<p>El Estadio do Dragao de los blanquiazules fue un hervidero desde el primer segundo, aunque hasta los 20 primeros minutos el Oporto no logr\u00f3 hacerse con el control del partido.<\/p>\n<p>Danilo fue el tim\u00f3n del conjunto de Nuno Esp\u00edrito Santo y en el descuento de la primera mitad el mexicano <strong>Jes\u00fas Corona<\/strong>, que regresaba al once inicial tras superar una lesi\u00f3n, lograba batir la porter\u00eda de Bruno Varela, a pase de Oliver Torres. <strong>Tecatito<\/strong> impact\u00f3 el bal\u00f3n de volea y cruz\u00f3 el arco ara poner al frente a su equipo.<\/p>\n<p>&nbsp;<\/p>\n<blockquote class=\"twitter-video\" data-lang=\"es\">\n<p dir=\"ltr\" lang=\"es\">&#x1f1f2;&#x1f1fd;&#x1f1f2;&#x1f1fd;&#x1f1f2;&#x1f1fd;VIVA MEXICO &#x1f1f2;&#x1f1fd;&#x1f1f2;&#x1f1fd;&#x1f1f2;&#x1f1fd; GOLAZOOOO\u26bd\ufe0f&#x1f44f;&#x1f3fb;&#x1f44f;&#x1f3fb; de volea del Tecatito Corona <a href=\"https:\/\/twitter.com\/Chuycorona25\">@Chuycorona25<\/a> con el porto en la <a href=\"https:\/\/twitter.com\/hashtag\/LigaNOS?src=hash\">#LigaNOS<\/a> &#x1f1f5;&#x1f1f9; <a href=\"https:\/\/t.co\/5TC9daRIbh\">pic.twitter.com\/5TC9daRIbh<\/a><\/p>\n<p>\u2014 90 Minut\u26bd\ufe0fs M\u00e9xico (@90minutosmex2) <a href=\"https:\/\/twitter.com\/90minutosmex2\/status\/843537696043732994\">19 de marzo de 2017<\/a><\/p><\/blockquote>\n<p><script async src=\"\/\/platform.twitter.com\/widgets.js\" charset=\"utf-8\"><\/script><\/p>\n<p>En el arranque de la segunda mitad, el Porto ten\u00eda el dominio y las ocasiones, pero el Vitoria de Set\u00fabal lograba empatar el encuentro en el minuto 10, gracias al tanto marcado por Joao Carvalho, jugador atacante cedido por el Benfica que anotaba su primer gol de la temporada.<\/p>\n<p>Nuno Esp\u00edrito Santo buscaba m\u00e1s mordiente con la entrada del jugador perteneciente al Atl\u00e9tico de Madrid Diogo Jota en el minuto 61 -que sustituy\u00f3 a Corona- y en el 75 ingresaba en el terreno de juego el brasile\u00f1o Otavio por el mexicano Lay\u00fan, aunque el marcador ya no se mover\u00eda.<\/p>\n","protected":false},"excerpt":{"rendered":"<p>El mexicano brill\u00f3 en el empate de su equipo. <\/p>\n","protected":false},"author":144,"featured_media":469562,"comment_status":"closed","ping_status":"closed","sticky":false,"template":"","format":"standard","meta":[],"categories":[5,2198,3845],"tags":[5995,3770,1035],"_links":{"self":[{"href":"http:\/\/desarrollo.grupomedios.com\/futbol\/wp-json\/wp\/v2\/posts\/469561"}],"collection":[{"href":"http:\/\/desarrollo.grupomedios.com\/futbol\/wp-json\/wp\/v2\/posts"}],"about":[{"href":"http:\/\/desarrollo.grupomedios.com\/futbol\/wp-json\/wp\/v2\/types\/post"}],"author":[{"embeddable":true,"href":"http:\/\/desarrollo.grupomedios.com\/futbol\/wp-json\/wp\/v2\/users\/144"}],"replies":[{"embeddable":true,"href":"http:\/\/desarrollo.grupomedios.com\/futbol\/wp-json\/wp\/v2\/comments?post=469561"}],"version-history":[{"count":2,"href":"http:\/\/desarrollo.grupomedios.com\/futbol\/wp-json\/wp\/v2\/posts\/469561\/revisions"}],"predecessor-version":[{"id":469600,"href":"http:\/\/desarrollo.grupomedios.com\/futbol\/wp-json\/wp\/v2\/posts\/469561\/revisions\/469600"}],"wp:featuredmedia":[{"embeddable":true,"href":"http:\/\/desarrollo.grupomedios.com\/futbol\/wp-json\/wp\/v2\/media\/469562"}],"wp:attachment":[{"href":"http:\/\/desarrollo.grupomedios.com\/futbol\/wp-json\/wp\/v2\/media?parent=469561"}],"wp:term":[{"taxonomy":"category","embeddable":true,"href":"http:\/\/desarrollo.grupomedios.com\/futbol\/wp-json\/wp\/v2\/categories?post=469561"},{"taxonomy":"post_tag","embeddable":true,"href":"http:\/\/desarrollo.grupomedios.com\/futbol\/wp-json\/wp\/v2\/tags?post=469561"}],"curies":[{"name":"wp","href":"https:\/\/api.w.org\/{rel}","templated":true}]}}