{"id":469574,"date":"2017-03-19T15:24:05","date_gmt":"2017-03-19T21:24:05","guid":{"rendered":"https:\/\/www.futboltotal.com.mx\/?p=469574"},"modified":"2017-03-19T15:24:05","modified_gmt":"2017-03-19T21:24:05","slug":"mauro-boselli-aclara-la-situacion-del-gol-metio-la-mano","status":"publish","type":"post","link":"http:\/\/desarrollo.grupomedios.com\/futbol\/futbol-mexicano\/mauro-boselli-aclara-la-situacion-del-gol-metio-la-mano\/2017\/03","title":{"rendered":"Mauro Boselli aclara la situaci\u00f3n del gol que meti\u00f3 con la mano"},"content":{"rendered":"<p>Este s\u00e1bado durante el encuentro de <strong>Le\u00f3n vs Toluca<\/strong> correspondiente a la jornada 11 de la Liga MX, <strong>Mauro Boselli<\/strong>\u00a0estuvo involucrado en una de las pol\u00e9micas de la fecha, pues en el gol del empate parcial meti\u00f3 el gol con la mano.<\/p>\n<p>Luego de que se iniciara una lluvia de declaraciones por lo ocurrido, el delantero ha decidido dar la cara a la gente y por medio de un comunicado en su cuenta oficial de Twitter, dio a conocer lo que pas\u00f3 durante ese juego.<\/p>\n<p><iframe loading=\"lazy\" src=\"https:\/\/www.youtube.com\/embed\/kN4HIoLFZ1o\" frameborder=\"0\" allowfullscreen=\"allowfullscreen\"><\/iframe><\/p>\n<blockquote><p>&#8220;La jugada de ayer es muy r\u00e1pida, tuve que ver la repetici\u00f3n por video en el entretiempo para darme cuenta que no hab\u00eda rozado la pelota primero con la cabeza&#8221;, se puede leer.<\/p><\/blockquote>\n<p><strong>Boselli<\/strong> coment\u00f3 que en el segundo tiempo se acerc\u00f3 con el \u00e1rbitro del encuentro para decirle que hab\u00eda visto la jugada y que el gol debi\u00f3 de haberse anulado, pues lo hab\u00eda metido con la mano.<\/p>\n<blockquote><p>&#8220;Luego de ver la jugada en el vestidor, y ver que la pelota solo me hab\u00eda pegado en la mano, salgo en el segundo tiempo a hablar con el se\u00f1or Santander y explicarle como fue la jugada, dici\u00e9ndole que nunca hubo de mi parte intenci\u00f3n de enga\u00f1arlo&#8221;, declara el futbolista.<\/p><\/blockquote>\n<p>&nbsp;<\/p>\n<blockquote class=\"twitter-tweet\" data-lang=\"es\">\n<p dir=\"ltr\" lang=\"und\"><a href=\"https:\/\/t.co\/o4P6UaausV\">pic.twitter.com\/o4P6UaausV<\/a><\/p>\n<p>\u2014 Mauro Boselli (@mauroboselli) <a href=\"https:\/\/twitter.com\/mauroboselli\/status\/843565105723949056\">19 de marzo de 2017<\/a><\/p><\/blockquote>\n<p><script async src=\"\/\/platform.twitter.com\/widgets.js\" charset=\"utf-8\"><\/script><\/p>\n<p>A pesar de esa anotaci\u00f3n los <em>Esmeraldas<\/em> cayeron 2-3 ante <strong>Toluca<\/strong> y se esperar\u00e1 en la semana a ver si la Comisi\u00f3n Disciplinaria tomar\u00e1 alguna medida en contra del delantero de <strong>Le\u00f3n.\u00a0<\/strong><\/p>\n<p>S\u00edguenos en Twitter: <a href=\"https:\/\/twitter.com\/MXFutbolTotal\" target=\"_blank\">@MXFutbolTotal<\/a><\/p>\n","protected":false},"excerpt":{"rendered":"<p>El delantero argentino da la cara luego de estar envuelto en una pol\u00e9mica. <\/p>\n","protected":false},"author":20,"featured_media":469575,"comment_status":"closed","ping_status":"closed","sticky":false,"template":"","format":"standard","meta":[],"categories":[2198,3845],"tags":[5965,3863,5975],"_links":{"self":[{"href":"http:\/\/desarrollo.grupomedios.com\/futbol\/wp-json\/wp\/v2\/posts\/469574"}],"collection":[{"href":"http:\/\/desarrollo.grupomedios.com\/futbol\/wp-json\/wp\/v2\/posts"}],"about":[{"href":"http:\/\/desarrollo.grupomedios.com\/futbol\/wp-json\/wp\/v2\/types\/post"}],"author":[{"embeddable":true,"href":"http:\/\/desarrollo.grupomedios.com\/futbol\/wp-json\/wp\/v2\/users\/20"}],"replies":[{"embeddable":true,"href":"http:\/\/desarrollo.grupomedios.com\/futbol\/wp-json\/wp\/v2\/comments?post=469574"}],"version-history":[{"count":1,"href":"http:\/\/desarrollo.grupomedios.com\/futbol\/wp-json\/wp\/v2\/posts\/469574\/revisions"}],"predecessor-version":[{"id":469576,"href":"http:\/\/desarrollo.grupomedios.com\/futbol\/wp-json\/wp\/v2\/posts\/469574\/revisions\/469576"}],"wp:featuredmedia":[{"embeddable":true,"href":"http:\/\/desarrollo.grupomedios.com\/futbol\/wp-json\/wp\/v2\/media\/469575"}],"wp:attachment":[{"href":"http:\/\/desarrollo.grupomedios.com\/futbol\/wp-json\/wp\/v2\/media?parent=469574"}],"wp:term":[{"taxonomy":"category","embeddable":true,"href":"http:\/\/desarrollo.grupomedios.com\/futbol\/wp-json\/wp\/v2\/categories?post=469574"},{"taxonomy":"post_tag","embeddable":true,"href":"http:\/\/desarrollo.grupomedios.com\/futbol\/wp-json\/wp\/v2\/tags?post=469574"}],"curies":[{"name":"wp","href":"https:\/\/api.w.org\/{rel}","templated":true}]}}