{"id":469681,"date":"2017-03-20T10:40:33","date_gmt":"2017-03-20T16:40:33","guid":{"rendered":"https:\/\/www.futboltotal.com.mx\/?p=469681"},"modified":"2017-03-20T10:40:33","modified_gmt":"2017-03-20T16:40:33","slug":"fifa-inhabilita-de-por-vida-a-arbitro-que-favorecio-a-una-seleccion","status":"publish","type":"post","link":"http:\/\/desarrollo.grupomedios.com\/futbol\/futbol-internacional\/fifa-inhabilita-de-por-vida-a-arbitro-que-favorecio-a-una-seleccion\/2017\/03","title":{"rendered":"FIFA inhabilita de por vida a \u00e1rbitro que favoreci\u00f3 a una selecci\u00f3n"},"content":{"rendered":"<p>La <strong>FIFA<\/strong> inhabilit\u00f3 de por vida al \u00e1rbitro ghan\u00e9s <strong>Joseph Odartei Lamptey<\/strong> tras concluir que influy\u00f3 en el resultado del partido de clasificaci\u00f3n para el Mundial de Rusia Sud\u00e1frica-Senegal, jugado el 12 de noviembre de 2016.<\/p>\n<p>El \u00e1rbitro fue declarado culpable de infringir el art\u00edculo 6, apartado 1 de C\u00f3digo Disciplinario (influir en los resultados contraviniendo la \u00e9tica) y su inhabilitaci\u00f3n le impedir\u00e1 participar de por vida en toda actividad relacionada con el f\u00fatbol (administrativa, deportiva o de cualquier otra \u00edndole) en los \u00e1mbitos nacional e internacional.<\/p>\n<p style=\"text-align: center;\"><a href=\"https:\/\/www.futboltotal.com.mx\/futbol-internacional\/\"><span style=\"color: #3366ff;\">VER M\u00c1S: Todas las noticias de futbol internacional\u00a0<\/span><\/a><\/p>\n<p><iframe loading=\"lazy\" src=\"https:\/\/www.youtube.com\/embed\/VTr0kx6zaGQ?ecver=1\" frameborder=\"0\" allowfullscreen=\"allowfullscreen\"><\/iframe><\/p>\n<p>Tras la disputa de aquel encuentro, en el que Sud\u00e1frica se impuso por 2-1, la Federaci\u00f3n Senegalesa pidi\u00f3 a la Confederaci\u00f3n Africana (CAF) y la FIFA que investigara la actuaci\u00f3n del \u00e1rbitro de Ghana, quien en su opini\u00f3n &#8220;adopt\u00f3 decisiones escandalosas a favor de la selecci\u00f3n sudafricana&#8221;, como penaltis dudosos y varias faltas sobre los jugadores de Senegal que no sancion\u00f3.<\/p>\n<p>La CAF examin\u00f3 el caso y su Comisi\u00f3n de \u00c1rbitros opt\u00f3 por suspenderle durante tres a\u00f1os, lo que le impidi\u00f3 participar en la \u00faltima Copa de \u00c1frica de Naciones jugada recientemente en Gab\u00f3n.<\/p>\n<p>Este lunes la FIFA confirm\u00f3 la inhabilitaci\u00f3n a perpetuidad de Joseph Odartei Lamptey (42 a\u00f1os) y notific\u00f3 tambi\u00e9n que los cargos imputados a otro \u00e1rbitro de Ghana, David Lionheart Nii Lartey Laryea, cuyo comportamiento tambi\u00e9n fue investigado, fueron desestimados por la Comisi\u00f3n de Disciplina.<\/p>\n<blockquote><p>&#8220;Tan pronto como la decisi\u00f3n sea firme y vinculante, se facilitar\u00e1 m\u00e1s informaci\u00f3n respecto al partido entre Sud\u00e1frica y Senegal&#8221;, se\u00f1al\u00f3 la FIFA, que insisti\u00f3 en su pol\u00edtica de &#8220;tolerancia cero&#8221; y su compromiso con la integridad del f\u00fatbol.<\/p><\/blockquote>\n<p><strong>S\u00edguenos en Twitter<\/strong>: <a href=\"https:\/\/twitter.com\/MXFutbolTotal\" target=\"_blank\">@MXFutbolTotal<\/a><\/p>\n<p>&nbsp;<\/p>\n","protected":false},"excerpt":{"rendered":"<p>El juez central tuvo un pol\u00e9mico arbitraje durante las eliminatorias mundialistas de Rusia 2018.<\/p>\n","protected":false},"author":20,"featured_media":469682,"comment_status":"closed","ping_status":"closed","sticky":false,"template":"","format":"standard","meta":[],"categories":[3839,5951],"tags":[6447,361],"_links":{"self":[{"href":"http:\/\/desarrollo.grupomedios.com\/futbol\/wp-json\/wp\/v2\/posts\/469681"}],"collection":[{"href":"http:\/\/desarrollo.grupomedios.com\/futbol\/wp-json\/wp\/v2\/posts"}],"about":[{"href":"http:\/\/desarrollo.grupomedios.com\/futbol\/wp-json\/wp\/v2\/types\/post"}],"author":[{"embeddable":true,"href":"http:\/\/desarrollo.grupomedios.com\/futbol\/wp-json\/wp\/v2\/users\/20"}],"replies":[{"embeddable":true,"href":"http:\/\/desarrollo.grupomedios.com\/futbol\/wp-json\/wp\/v2\/comments?post=469681"}],"version-history":[{"count":1,"href":"http:\/\/desarrollo.grupomedios.com\/futbol\/wp-json\/wp\/v2\/posts\/469681\/revisions"}],"predecessor-version":[{"id":469684,"href":"http:\/\/desarrollo.grupomedios.com\/futbol\/wp-json\/wp\/v2\/posts\/469681\/revisions\/469684"}],"wp:featuredmedia":[{"embeddable":true,"href":"http:\/\/desarrollo.grupomedios.com\/futbol\/wp-json\/wp\/v2\/media\/469682"}],"wp:attachment":[{"href":"http:\/\/desarrollo.grupomedios.com\/futbol\/wp-json\/wp\/v2\/media?parent=469681"}],"wp:term":[{"taxonomy":"category","embeddable":true,"href":"http:\/\/desarrollo.grupomedios.com\/futbol\/wp-json\/wp\/v2\/categories?post=469681"},{"taxonomy":"post_tag","embeddable":true,"href":"http:\/\/desarrollo.grupomedios.com\/futbol\/wp-json\/wp\/v2\/tags?post=469681"}],"curies":[{"name":"wp","href":"https:\/\/api.w.org\/{rel}","templated":true}]}}