{"id":469707,"date":"2017-03-20T13:10:49","date_gmt":"2017-03-20T19:10:49","guid":{"rendered":"https:\/\/www.futboltotal.com.mx\/?p=469707"},"modified":"2017-03-20T13:11:57","modified_gmt":"2017-03-20T19:11:57","slug":"la-liga-abre-investigacion-altercado-del-piojo-aficionado","status":"publish","type":"post","link":"http:\/\/desarrollo.grupomedios.com\/futbol\/futbol-mexicano\/la-liga-abre-investigacion-altercado-del-piojo-aficionado\/2017\/03","title":{"rendered":"La Liga abre investigaci\u00f3n por altercado de &#8216;Piojo&#8217; con aficionado"},"content":{"rendered":"<p>La Comisi\u00f3n Disciplinaria abri\u00f3 una investigaci\u00f3n por los hechos ocurridos el pasado 17 de marzo en el Estadio Caliente entre Xolos y Santos, en donde <strong>Miguel Herrera<\/strong> se encar\u00f3 con uno de los aficionados de Tijuana.<\/p>\n<p>La Liga MX analizar\u00e1 los videos que se han publicado para determinar si existir\u00e1 una sanci\u00f3n en contra del <em>Piojo<\/em> por retar a un aficionado a golpes y gritarle que lo ve\u00eda afuera del estadio.<\/p>\n<p style=\"text-align: center;\"><a href=\"https:\/\/www.futboltotal.com.mx\/2017\/03\/nos-dejo-la-jornada-11-la-liga-mx\/\" target=\"_blank\">LEER M\u00c1S: \u00bfQu\u00e9 nos dej\u00f3 la Jornada 11 de la Liga MX?<\/a><\/p>\n<blockquote><p>&#8220;La Comisi\u00f3n Disciplinaria informa que se abri\u00f3 una investigaci\u00f3n de Oficio por los hechos sucedidos durante del partido Tijuana vs. Santos el pasado viernes 17 de marzo en el Estadio Caliente, en donde el Director T\u00e9cnico Miguel Herrera, tuvo un altercado con aficionados en Tribuna&#8221;, se puede leer en el comunicado.<\/p><\/blockquote>\n<p>&nbsp;<\/p>\n<blockquote class=\"twitter-tweet\" data-lang=\"es\">\n<p dir=\"ltr\" lang=\"es\">La Comisi\u00f3n Disciplinaria Abri\u00f3 una Investigaci\u00f3n <a href=\"https:\/\/t.co\/VWoxyIHw7j\">https:\/\/t.co\/VWoxyIHw7j<\/a> <a href=\"https:\/\/t.co\/B9N0kEJRQs\">pic.twitter.com\/B9N0kEJRQs<\/a><\/p>\n<p>\u2014 FEMEXFUT (@FMF) <a href=\"https:\/\/twitter.com\/FMF\/status\/843893087160221696\">20 de marzo de 2017<\/a><\/p><\/blockquote>\n<p><script async src=\"\/\/platform.twitter.com\/widgets.js\" charset=\"utf-8\"><\/script><\/p>\n<p>S\u00edguenos en Twitter: <a href=\"https:\/\/twitter.com\/MXFutbolTotal\" target=\"_blank\">@MXFutbolTotal<\/a><\/p>\n","protected":false},"excerpt":{"rendered":"<p>Miguel Herrera podr\u00eda ser castigado por su conducta. <\/p>\n","protected":false},"author":20,"featured_media":469710,"comment_status":"closed","ping_status":"closed","sticky":false,"template":"","format":"standard","meta":[],"categories":[2198,3845],"tags":[255,3044,5972,5974,1673],"_links":{"self":[{"href":"http:\/\/desarrollo.grupomedios.com\/futbol\/wp-json\/wp\/v2\/posts\/469707"}],"collection":[{"href":"http:\/\/desarrollo.grupomedios.com\/futbol\/wp-json\/wp\/v2\/posts"}],"about":[{"href":"http:\/\/desarrollo.grupomedios.com\/futbol\/wp-json\/wp\/v2\/types\/post"}],"author":[{"embeddable":true,"href":"http:\/\/desarrollo.grupomedios.com\/futbol\/wp-json\/wp\/v2\/users\/20"}],"replies":[{"embeddable":true,"href":"http:\/\/desarrollo.grupomedios.com\/futbol\/wp-json\/wp\/v2\/comments?post=469707"}],"version-history":[{"count":2,"href":"http:\/\/desarrollo.grupomedios.com\/futbol\/wp-json\/wp\/v2\/posts\/469707\/revisions"}],"predecessor-version":[{"id":469713,"href":"http:\/\/desarrollo.grupomedios.com\/futbol\/wp-json\/wp\/v2\/posts\/469707\/revisions\/469713"}],"wp:featuredmedia":[{"embeddable":true,"href":"http:\/\/desarrollo.grupomedios.com\/futbol\/wp-json\/wp\/v2\/media\/469710"}],"wp:attachment":[{"href":"http:\/\/desarrollo.grupomedios.com\/futbol\/wp-json\/wp\/v2\/media?parent=469707"}],"wp:term":[{"taxonomy":"category","embeddable":true,"href":"http:\/\/desarrollo.grupomedios.com\/futbol\/wp-json\/wp\/v2\/categories?post=469707"},{"taxonomy":"post_tag","embeddable":true,"href":"http:\/\/desarrollo.grupomedios.com\/futbol\/wp-json\/wp\/v2\/tags?post=469707"}],"curies":[{"name":"wp","href":"https:\/\/api.w.org\/{rel}","templated":true}]}}