{"id":469734,"date":"2017-03-20T14:38:02","date_gmt":"2017-03-20T20:38:02","guid":{"rendered":"https:\/\/www.futboltotal.com.mx\/?p=469734"},"modified":"2017-03-20T14:38:02","modified_gmt":"2017-03-20T20:38:02","slug":"manuel-nuer-se-lesiona-baja-alemania","status":"publish","type":"post","link":"http:\/\/desarrollo.grupomedios.com\/futbol\/futbol-internacional\/manuel-nuer-se-lesiona-baja-alemania\/2017\/03","title":{"rendered":"Manuel Nuer se lesiona y es baja con Alemania"},"content":{"rendered":"<p>El internacional alem\u00e1n y portero del Bayern M\u00fanich, <strong>Manuel Neuer<\/strong>, ser\u00e1 baja para los dos pr\u00f3ximos partidos de la selecci\u00f3n que dirige Joachim L\u00f6w.<\/p>\n<p>El jugador sufre molestias en la pantorrilla y no podr\u00e1 disputar el partido contra Inglaterra del pr\u00f3ximo mi\u00e9rcoles, en Dortmund (oeste de Alemania), ni tampoco el calificaci\u00f3n para el Mundial contra Azerbaiy\u00e1n, en Bak\u00fa, el domingo,\u00a0inform\u00f3 este lunes la Federaci\u00f3n Alemana de F\u00fatbol (DFB) en su p\u00e1gina web.<\/p>\n<p style=\"text-align: center;\"><a href=\"https:\/\/www.futboltotal.com.mx\/futbol-internacional\/\"><span style=\"color: #3366ff;\">VER M\u00c1S: Todas las noticias de futbol internacional<\/span><\/a><\/p>\n<blockquote class=\"twitter-tweet\" data-lang=\"es\">\n<p dir=\"ltr\" lang=\"es\">.<a href=\"https:\/\/twitter.com\/Manuel_Neuer\">@Manuel_Neuer<\/a> ser\u00e1 baja para los pr\u00f3ximos dos compromisos de <a href=\"https:\/\/twitter.com\/hashtag\/DieMannschaft?src=hash\">#DieMannschaft<\/a> por problemas en el gemelo.<br \/>\nKevin <a href=\"https:\/\/twitter.com\/hashtag\/Trapp?src=hash\">#Trapp<\/a> estar\u00e1 en su lugar. <a href=\"https:\/\/t.co\/LVla1hJbbW\">pic.twitter.com\/LVla1hJbbW<\/a><\/p>\n<p>\u2014 Selecci\u00f3n Alemana (@DFB_Team_ES) <a href=\"https:\/\/twitter.com\/DFB_Team_ES\/status\/843790076484206592\">20 de marzo de 2017<\/a><\/p><\/blockquote>\n<p><script async src=\"\/\/platform.twitter.com\/widgets.js\" charset=\"utf-8\"><\/script><\/p>\n<p>Para ocupar su puesto en ambos partidos ha sido convocado Kevin Trapp, del Paris Saint Germain, indicaron esas fuentes.<\/p>\n<p>Neuer ser\u00e1 tratado de esas molestias por el equipo m\u00e9dico de su club, a\u00f1adieron fuentes del Bayern.<\/p>\n<p>El conjunto b\u00e1varo que entrena Carlo Ancelotti ser\u00e1 el rival del Real Madrid en cuartos de final de la Liga de Campeones, el primer partido de los cuales se disputar\u00e1 el 12 de abril, en M\u00fanich.<\/p>\n<p><strong>S\u00edguenos en Twitter<\/strong>: <a href=\"https:\/\/twitter.com\/MXFutbolTotal\" target=\"_blank\">@MXFutbolTotal<\/a><\/p>\n","protected":false},"excerpt":{"rendered":"<p>El portero alem\u00e1n se lesion\u00f3 y no podr\u00e1 jugar dos partidos clave de eliminatoria mundialista.<\/p>\n","protected":false},"author":20,"featured_media":469737,"comment_status":"closed","ping_status":"closed","sticky":false,"template":"","format":"standard","meta":[],"categories":[3839],"tags":[6000,6841],"_links":{"self":[{"href":"http:\/\/desarrollo.grupomedios.com\/futbol\/wp-json\/wp\/v2\/posts\/469734"}],"collection":[{"href":"http:\/\/desarrollo.grupomedios.com\/futbol\/wp-json\/wp\/v2\/posts"}],"about":[{"href":"http:\/\/desarrollo.grupomedios.com\/futbol\/wp-json\/wp\/v2\/types\/post"}],"author":[{"embeddable":true,"href":"http:\/\/desarrollo.grupomedios.com\/futbol\/wp-json\/wp\/v2\/users\/20"}],"replies":[{"embeddable":true,"href":"http:\/\/desarrollo.grupomedios.com\/futbol\/wp-json\/wp\/v2\/comments?post=469734"}],"version-history":[{"count":1,"href":"http:\/\/desarrollo.grupomedios.com\/futbol\/wp-json\/wp\/v2\/posts\/469734\/revisions"}],"predecessor-version":[{"id":469738,"href":"http:\/\/desarrollo.grupomedios.com\/futbol\/wp-json\/wp\/v2\/posts\/469734\/revisions\/469738"}],"wp:featuredmedia":[{"embeddable":true,"href":"http:\/\/desarrollo.grupomedios.com\/futbol\/wp-json\/wp\/v2\/media\/469737"}],"wp:attachment":[{"href":"http:\/\/desarrollo.grupomedios.com\/futbol\/wp-json\/wp\/v2\/media?parent=469734"}],"wp:term":[{"taxonomy":"category","embeddable":true,"href":"http:\/\/desarrollo.grupomedios.com\/futbol\/wp-json\/wp\/v2\/categories?post=469734"},{"taxonomy":"post_tag","embeddable":true,"href":"http:\/\/desarrollo.grupomedios.com\/futbol\/wp-json\/wp\/v2\/tags?post=469734"}],"curies":[{"name":"wp","href":"https:\/\/api.w.org\/{rel}","templated":true}]}}