{"id":469740,"date":"2017-03-20T15:31:11","date_gmt":"2017-03-20T21:31:11","guid":{"rendered":"https:\/\/www.futboltotal.com.mx\/?p=469740"},"modified":"2017-03-20T15:31:30","modified_gmt":"2017-03-20T21:31:30","slug":"cruz-azul-quiso-arriesgar-a-angel-mena-ante-tigres","status":"publish","type":"post","link":"http:\/\/desarrollo.grupomedios.com\/futbol\/uncategorized\/cruz-azul-quiso-arriesgar-a-angel-mena-ante-tigres\/2017\/03","title":{"rendered":"Cruz Azul no quiso arriesgar a \u00c1ngel Mena ante Tigres"},"content":{"rendered":"<p>El delantero ecuatoriano <strong>\u00c1ngel Mena<\/strong>, goleador del Cruz Azul en el Clausura 2017, se qued\u00f3 sin actividad en el partido ante Tigres de la Jornada 11 debido a que estaba fuera de forma f\u00edsica.<\/p>\n<p>Para sorpresa de la mayor\u00eda, el entrenador Paco J\u00e9mez tuvo que prescindir del extremo ecuatoriano de \u00faltimo momento, ya que no entren\u00f3 a tope durante la semana tras sufrir una lesi\u00f3n en una pierna durante el partido de Cuartos de Final ante Santos en Copa MX.<\/p>\n<p style=\"text-align: center;\"><a href=\"https:\/\/www.futboltotal.com.mx\/2017\/03\/11-infame-la-jornada-11-del-clausura-2017\/\"><span style=\"color: #3366ff;\">VER M\u00c1S: El 11 infame de la Jornada 11\u00a0<\/span><\/a><\/p>\n<p style=\"text-align: left;\">Cruz Azul no quiso arriesgar a Mena y prefiri\u00f3 darle descanso para que pudiera recuperarse en estos d\u00edas y pudiera reportar con su selecci\u00f3n, que en esta Fecha FIFA enfrenta a Paraguay (23 de marzo) y Colombia (28 de marzo).<\/p>\n<p style=\"text-align: left;\">Sin Mena, la <em>M\u00e1quina<\/em> no pas\u00f3 del empate ante el vigente campe\u00f3n y sigue fuera de zona de Liguilla en el sitio 14 de la clasificaci\u00f3n con solo 10 puntos.<\/p>\n<p style=\"text-align: left;\">Mena tendr\u00e1 tiempo para recuperarse y, si no se resiente de las molestias que presenta en uno de los muslos, no tendr\u00e1 complicaciones para tener actividad el pr\u00f3ximo 31 de marzo, cuando Cruz Azul visita a Veracruz en la Jornada 12 del Clausura 2017.<\/p>\n<p style=\"text-align: left;\"><strong>S\u00edguenos en Twitter<\/strong>: <a href=\"https:\/\/twitter.com\/MXFutbolTotal\" target=\"_blank\">@MXFutbolTotal<\/a><\/p>\n<p style=\"text-align: left;\">\n","protected":false},"excerpt":{"rendered":"<p>El delantero estaba fuera de forma y su prioridad era llegar fresco a la selecci\u00f3n de Ecuador.<\/p>\n","protected":false},"author":20,"featured_media":469748,"comment_status":"closed","ping_status":"closed","sticky":false,"template":"","format":"standard","meta":[],"categories":[1],"tags":[7749,5962],"_links":{"self":[{"href":"http:\/\/desarrollo.grupomedios.com\/futbol\/wp-json\/wp\/v2\/posts\/469740"}],"collection":[{"href":"http:\/\/desarrollo.grupomedios.com\/futbol\/wp-json\/wp\/v2\/posts"}],"about":[{"href":"http:\/\/desarrollo.grupomedios.com\/futbol\/wp-json\/wp\/v2\/types\/post"}],"author":[{"embeddable":true,"href":"http:\/\/desarrollo.grupomedios.com\/futbol\/wp-json\/wp\/v2\/users\/20"}],"replies":[{"embeddable":true,"href":"http:\/\/desarrollo.grupomedios.com\/futbol\/wp-json\/wp\/v2\/comments?post=469740"}],"version-history":[{"count":3,"href":"http:\/\/desarrollo.grupomedios.com\/futbol\/wp-json\/wp\/v2\/posts\/469740\/revisions"}],"predecessor-version":[{"id":469750,"href":"http:\/\/desarrollo.grupomedios.com\/futbol\/wp-json\/wp\/v2\/posts\/469740\/revisions\/469750"}],"wp:featuredmedia":[{"embeddable":true,"href":"http:\/\/desarrollo.grupomedios.com\/futbol\/wp-json\/wp\/v2\/media\/469748"}],"wp:attachment":[{"href":"http:\/\/desarrollo.grupomedios.com\/futbol\/wp-json\/wp\/v2\/media?parent=469740"}],"wp:term":[{"taxonomy":"category","embeddable":true,"href":"http:\/\/desarrollo.grupomedios.com\/futbol\/wp-json\/wp\/v2\/categories?post=469740"},{"taxonomy":"post_tag","embeddable":true,"href":"http:\/\/desarrollo.grupomedios.com\/futbol\/wp-json\/wp\/v2\/tags?post=469740"}],"curies":[{"name":"wp","href":"https:\/\/api.w.org\/{rel}","templated":true}]}}