{"id":469795,"date":"2017-03-20T19:08:16","date_gmt":"2017-03-21T01:08:16","guid":{"rendered":"https:\/\/www.futboltotal.com.mx\/?p=469795"},"modified":"2017-03-20T19:08:16","modified_gmt":"2017-03-21T01:08:16","slug":"periodista-se-duerme-en-conferencia-prensa-luis-enrique","status":"publish","type":"post","link":"http:\/\/desarrollo.grupomedios.com\/futbol\/futbol-internacional\/periodista-se-duerme-en-conferencia-prensa-luis-enrique\/2017\/03","title":{"rendered":"Periodista se duerme en conferencia de prensa de Luis Enrique"},"content":{"rendered":"<p>Este domingo durante la conferencia de prensa de Luis Enrique al finalizar el juego de <strong>Barcelona<\/strong> ante Valencia, un periodista espa\u00f1ol se qued\u00f3 dormido mientras hablaba el estratega espa\u00f1ol.<\/p>\n<p><strong>Luis Enrique<\/strong> se encontraba declarando hasta que se percat\u00f3 del hombre que se hab\u00eda quedado dormido.<\/p>\n<p style=\"text-align: center;\"><a href=\"https:\/\/www.futboltotal.com.mx\/2017\/03\/claudio-aguilera-el-primer-padre-futbolistico-de-diego-lainez\/\" target=\"_blank\">LEER M\u00c1S: Claudio Aguilera, el primer padre futbol\u00edstico de Diego Lainez<\/a><\/p>\n<blockquote><p>&#8220;Nunca me hab\u00eda pasado, un t\u00edo dormido en la rueda de prensa&#8230; Es la primera vez&#8221;, coment\u00f3 Luis Enrique cuando vio la situaci\u00f3n.<\/p><\/blockquote>\n<p>Al momento que ocurri\u00f3 esto, el espa\u00f1ol se solt\u00f3 a re\u00edr, mientras le daba los &#8220;buenos d\u00edas&#8221;. Entre risas Luis Enrique coment\u00f3 que ya no ten\u00eda nada que comentar, le pidi\u00f3 disculpas al hombre por despertarlo y se retir\u00f3 de la conferencia de prensa.<\/p>\n<p>&nbsp;<\/p>\n<div class=\"fb-video\" data-href=\"https:\/\/www.facebook.com\/ElChiringuitoTV\/videos\/1105308042929406\/\" data-data-show-text=\"true\">\n<blockquote class=\"fb-xfbml-parse-ignore\" cite=\"https:\/\/www.facebook.com\/ElChiringuitoTV\/videos\/1105308042929406\/\"><p><a href=\"https:\/\/www.facebook.com\/ElChiringuitoTV\/videos\/1105308042929406\/\">Luis Enrique en rueda de prensa<\/a><\/p>\n<p>\u00a1EL V\u00cdDEO M\u00c1S VIRAL! Un periodista SE DUERME durante la rueda de prensa de Luis Enrique: &#8220;NUNCA ME HAB\u00cdA PASADO, un t\u00edo DORMIDO&#8221;<\/p>\n<p>Publicado por <a href=\"https:\/\/www.facebook.com\/ElChiringuitoTV\/\">El Chiringuito TV<\/a> en Domingo, 19 de marzo de 2017<\/p><\/blockquote>\n<\/div>\n<p>S\u00edguenos en Twitter: <a href=\"https:\/\/twitter.com\/MXFutbolTotal\" target=\"_blank\">@MXFutbolTotal<\/a><\/p>\n","protected":false},"excerpt":{"rendered":"<p>Un reportero no aguant\u00f3 el sue\u00f1o y se durmi\u00f3 mientras hablaba Luis Enrique.<\/p>\n","protected":false},"author":20,"featured_media":469796,"comment_status":"closed","ping_status":"closed","sticky":false,"template":"","format":"standard","meta":[],"categories":[5419,3839,3844],"tags":[5984,4051],"_links":{"self":[{"href":"http:\/\/desarrollo.grupomedios.com\/futbol\/wp-json\/wp\/v2\/posts\/469795"}],"collection":[{"href":"http:\/\/desarrollo.grupomedios.com\/futbol\/wp-json\/wp\/v2\/posts"}],"about":[{"href":"http:\/\/desarrollo.grupomedios.com\/futbol\/wp-json\/wp\/v2\/types\/post"}],"author":[{"embeddable":true,"href":"http:\/\/desarrollo.grupomedios.com\/futbol\/wp-json\/wp\/v2\/users\/20"}],"replies":[{"embeddable":true,"href":"http:\/\/desarrollo.grupomedios.com\/futbol\/wp-json\/wp\/v2\/comments?post=469795"}],"version-history":[{"count":1,"href":"http:\/\/desarrollo.grupomedios.com\/futbol\/wp-json\/wp\/v2\/posts\/469795\/revisions"}],"predecessor-version":[{"id":469797,"href":"http:\/\/desarrollo.grupomedios.com\/futbol\/wp-json\/wp\/v2\/posts\/469795\/revisions\/469797"}],"wp:featuredmedia":[{"embeddable":true,"href":"http:\/\/desarrollo.grupomedios.com\/futbol\/wp-json\/wp\/v2\/media\/469796"}],"wp:attachment":[{"href":"http:\/\/desarrollo.grupomedios.com\/futbol\/wp-json\/wp\/v2\/media?parent=469795"}],"wp:term":[{"taxonomy":"category","embeddable":true,"href":"http:\/\/desarrollo.grupomedios.com\/futbol\/wp-json\/wp\/v2\/categories?post=469795"},{"taxonomy":"post_tag","embeddable":true,"href":"http:\/\/desarrollo.grupomedios.com\/futbol\/wp-json\/wp\/v2\/tags?post=469795"}],"curies":[{"name":"wp","href":"https:\/\/api.w.org\/{rel}","templated":true}]}}