{"id":469813,"date":"2017-03-21T00:07:45","date_gmt":"2017-03-21T06:07:45","guid":{"rendered":"https:\/\/www.futboltotal.com.mx\/?p=469813"},"modified":"2017-03-21T09:00:23","modified_gmt":"2017-03-21T15:00:23","slug":"bastian-schweinsteiger-llega-a-la-mls-jugar-chicago-fire","status":"publish","type":"post","link":"http:\/\/desarrollo.grupomedios.com\/futbol\/futbol-internacional\/bastian-schweinsteiger-llega-a-la-mls-jugar-chicago-fire\/2017\/03","title":{"rendered":"Bastian Scheweinsteiger deja la Premier para ir a la MLS"},"content":{"rendered":"<p>El\u00a0centrocampista alem\u00e1n <strong>Bastian Schweinsteiger <\/strong>lleg\u00f3 a un acuerdo para enrolarse con el Chicago Fire, de la MLS estadounidense.<\/p>\n<p><strong>Schweinsteiger<\/strong>, de 32 a\u00f1os, recibi\u00f3 permiso del Manchester United para concretar su traspaso, mismo que en principio ser\u00e1 por una temporada y con un salario de 70.000 libras a la semana.<\/p>\n<p style=\"text-align: center;\"><a href=\"https:\/\/www.futboltotal.com.mx\/2017\/03\/11-infame-la-jornada-11-del-clausura-2017\/\">VER M\u00c1S: EL 11 INFAME DE LA JORNADA 11 DEL CLAUSURA 2017<\/a><\/p>\n<blockquote><p>&#8220;Bastian Schweinsteiger est\u00e1 a punto de recalar en el Chicago Fire despu\u00e9s de que el Manchester United y el jugador llegaran a un acuerdo&#8221;, inform\u00f3 el conjunto ingl\u00e9s a trav\u00e9s de un comunicado.<\/p><\/blockquote>\n<p>El centrocampista teut\u00f3n lleg\u00f3 al equipo de Old Trafford en verano de 2015 procedente del Bayern M\u00fanich por 14,5 millones de libras de mano del antiguo t\u00e9cnico Louis van Gaal.<\/p>\n<blockquote><p>&#8220;Estoy muy triste por dejar tantos amigos en el Manchester United. Sin embargo, estoy muy agradecido al club por darme la oportunidad de afrontar este desaf\u00edo. Estoy ansioso por comenzar&#8221;, dijo Schweinsteiger, quien gan\u00f3 la FA Cup con los <em>Red Devils.<\/em><\/p><\/blockquote>\n<p>Despu\u00e9s de haber estado cerca del Fire a comienzos de temporada, tras ver que no ten\u00eda futuro con Jos\u00e9 Mourinho, el futbolista comenz\u00f3 a participar en los entrenamientos del primer equipo. Su primera titularidad en un a\u00f1o lleg\u00f3 en un partido de FA Cup ante el Wigan Athletic en enero, y hasta su marcha hab\u00eda disputado cuatro encuentros esta temporada en todas las competiciones, aunque ninguno en la Premier League.<\/p>\n<blockquote><p>&#8220;He disfrutado jugando con el entrenador, con los compa\u00f1eros y con el cuerpo t\u00e9cnico, pero me reservo un agradecimiento especial para los aficionados. Recordar\u00e9 siempre su energ\u00eda y pasi\u00f3n&#8221;, se\u00f1al\u00f3 <em>Basti<\/em> a la p\u00e1gina del United.<\/p><\/blockquote>\n<p><strong>S\u00edguenos en Twitter<\/strong>: <a href=\"https:\/\/twitter.com\/MXFutbolTotal\" target=\"_blank\">@MXFutbolTotal<\/a><\/p>\n<p>&nbsp;<\/p>\n","protected":false},"excerpt":{"rendered":"<p>El alem\u00e1n apenas disput\u00f3 cuatro encuentros con los Red Devils en esta campa\u00f1a.<\/p>\n","protected":false},"author":20,"featured_media":469821,"comment_status":"closed","ping_status":"closed","sticky":false,"template":"","format":"standard","meta":[],"categories":[3839,7580],"tags":[5746,345,43,195,5643],"_links":{"self":[{"href":"http:\/\/desarrollo.grupomedios.com\/futbol\/wp-json\/wp\/v2\/posts\/469813"}],"collection":[{"href":"http:\/\/desarrollo.grupomedios.com\/futbol\/wp-json\/wp\/v2\/posts"}],"about":[{"href":"http:\/\/desarrollo.grupomedios.com\/futbol\/wp-json\/wp\/v2\/types\/post"}],"author":[{"embeddable":true,"href":"http:\/\/desarrollo.grupomedios.com\/futbol\/wp-json\/wp\/v2\/users\/20"}],"replies":[{"embeddable":true,"href":"http:\/\/desarrollo.grupomedios.com\/futbol\/wp-json\/wp\/v2\/comments?post=469813"}],"version-history":[{"count":4,"href":"http:\/\/desarrollo.grupomedios.com\/futbol\/wp-json\/wp\/v2\/posts\/469813\/revisions"}],"predecessor-version":[{"id":469822,"href":"http:\/\/desarrollo.grupomedios.com\/futbol\/wp-json\/wp\/v2\/posts\/469813\/revisions\/469822"}],"wp:featuredmedia":[{"embeddable":true,"href":"http:\/\/desarrollo.grupomedios.com\/futbol\/wp-json\/wp\/v2\/media\/469821"}],"wp:attachment":[{"href":"http:\/\/desarrollo.grupomedios.com\/futbol\/wp-json\/wp\/v2\/media?parent=469813"}],"wp:term":[{"taxonomy":"category","embeddable":true,"href":"http:\/\/desarrollo.grupomedios.com\/futbol\/wp-json\/wp\/v2\/categories?post=469813"},{"taxonomy":"post_tag","embeddable":true,"href":"http:\/\/desarrollo.grupomedios.com\/futbol\/wp-json\/wp\/v2\/tags?post=469813"}],"curies":[{"name":"wp","href":"https:\/\/api.w.org\/{rel}","templated":true}]}}