{"id":469831,"date":"2017-03-21T09:39:44","date_gmt":"2017-03-21T15:39:44","guid":{"rendered":"https:\/\/www.futboltotal.com.mx\/?p=469831"},"modified":"2017-03-21T09:39:44","modified_gmt":"2017-03-21T15:39:44","slug":"se-filtra-nueva-playera-del-real-madrid","status":"publish","type":"post","link":"http:\/\/desarrollo.grupomedios.com\/futbol\/futbol-internacional\/se-filtra-nueva-playera-del-real-madrid\/2017\/03","title":{"rendered":"Se filtra nueva playera del Real Madrid"},"content":{"rendered":"<p>A falta de dos meses para que termine la liga y con camino por delante para conocer al Campe\u00f3n, en Espa\u00f1a ya se habla de lo que ser\u00eda la nueva camiseta de juego del <strong>Real Madrid<\/strong> para la temporada 2017-18.<\/p>\n<p>En las redes sociales fue aparecieron las fotograf\u00edas de las supuestos jerseys de los <em>Merengues<\/em>, donde se mantiene el tradicional color blanco y con los vivos de las mangas en azul turquesa.<\/p>\n<p>Seg\u00fan el sitio <em>Todo sobre camisetas<\/em>, el jersey de suplente ser\u00eda totalmente negra con los vivos en azul turquesa.<\/p>\n<p style=\"text-align: center;\"><span style=\"color: #3366ff;\"><a style=\"color: #3366ff;\" href=\"https:\/\/www.futboltotal.com.mx\/2017\/03\/ha-sido-mi-temporada-mas-dificil-con-atletico-de-madrid-simeone\/\">LEER M\u00c1S: Ha sido mi temporada m\u00e1s dif\u00edcil con Atl\u00e9tico de Madrid: Simeone<\/a><\/span><\/p>\n<p style=\"text-align: center;\"><a href=\"https:\/\/www.futboltotal.com.mx\/wp-content\/uploads\/2017\/03\/real-madrid-2017-18-lk3.jpg\"><img decoding=\"async\" loading=\"lazy\" class=\"alignnone size-full wp-image-469832\" src=\"https:\/\/www.futboltotal.com.mx\/wp-content\/uploads\/2017\/03\/real-madrid-2017-18-lk3.jpg\" alt=\"Se filtra nueva playera del Real Madrid 0\" srcset=\"http:\/\/desarrollo.grupomedios.com\/futbol\/wp-content\/uploads\/2017\/03\/real-madrid-2017-18-lk3.jpg 640w, http:\/\/desarrollo.grupomedios.com\/futbol\/wp-content\/uploads\/2017\/03\/real-madrid-2017-18-lk3-300x166.jpg 300w\" sizes=\"(max-width: 640px) 100vw, 640px\" \/><\/a><\/p>\n","protected":false},"excerpt":{"rendered":"<p>Se filtraron los que ser\u00edan los nuevos uniformes Merengues.<\/p>\n","protected":false},"author":20,"featured_media":461672,"comment_status":"closed","ping_status":"closed","sticky":false,"template":"","format":"standard","meta":[],"categories":[3839],"tags":[5988],"_links":{"self":[{"href":"http:\/\/desarrollo.grupomedios.com\/futbol\/wp-json\/wp\/v2\/posts\/469831"}],"collection":[{"href":"http:\/\/desarrollo.grupomedios.com\/futbol\/wp-json\/wp\/v2\/posts"}],"about":[{"href":"http:\/\/desarrollo.grupomedios.com\/futbol\/wp-json\/wp\/v2\/types\/post"}],"author":[{"embeddable":true,"href":"http:\/\/desarrollo.grupomedios.com\/futbol\/wp-json\/wp\/v2\/users\/20"}],"replies":[{"embeddable":true,"href":"http:\/\/desarrollo.grupomedios.com\/futbol\/wp-json\/wp\/v2\/comments?post=469831"}],"version-history":[{"count":1,"href":"http:\/\/desarrollo.grupomedios.com\/futbol\/wp-json\/wp\/v2\/posts\/469831\/revisions"}],"predecessor-version":[{"id":469834,"href":"http:\/\/desarrollo.grupomedios.com\/futbol\/wp-json\/wp\/v2\/posts\/469831\/revisions\/469834"}],"wp:featuredmedia":[{"embeddable":true,"href":"http:\/\/desarrollo.grupomedios.com\/futbol\/wp-json\/wp\/v2\/media\/461672"}],"wp:attachment":[{"href":"http:\/\/desarrollo.grupomedios.com\/futbol\/wp-json\/wp\/v2\/media?parent=469831"}],"wp:term":[{"taxonomy":"category","embeddable":true,"href":"http:\/\/desarrollo.grupomedios.com\/futbol\/wp-json\/wp\/v2\/categories?post=469831"},{"taxonomy":"post_tag","embeddable":true,"href":"http:\/\/desarrollo.grupomedios.com\/futbol\/wp-json\/wp\/v2\/tags?post=469831"}],"curies":[{"name":"wp","href":"https:\/\/api.w.org\/{rel}","templated":true}]}}