{"id":469990,"date":"2017-03-22T10:22:03","date_gmt":"2017-03-22T16:22:03","guid":{"rendered":"https:\/\/www.futboltotal.com.mx\/?p=469990"},"modified":"2017-03-22T10:24:16","modified_gmt":"2017-03-22T16:24:16","slug":"edson-alvarez-trolleo-a-fan-pumas","status":"publish","type":"post","link":"http:\/\/desarrollo.grupomedios.com\/futbol\/cambio-de-juego\/edson-alvarez-trolleo-a-fan-pumas\/2017\/03","title":{"rendered":"Edson \u00c1lvarez trolleo a fan de Pumas"},"content":{"rendered":"<p><a href=\"https:\/\/www.futboltotal.com.mx\/en-vivo\/en-vivo-pumas-vs-america-jornada-11-clausura-2017\/19\/\">La victoria de <strong>Am\u00e9rica<\/strong> 2-3 ante <strong>Pumas<\/strong> en el Cl\u00e1sico Capitalino<\/a> cal\u00f3 hondo a los aficionados <em>auriazules<\/em>. Las criticas por la falta que cometi\u00f3 Oribe Peralta sobre Gerardo Alcoba en la jugada del segundo gol, inundaron las redes sociales y se hicieron presentes hasta en las publicaciones que compartieron jugadores del Am\u00e9rica celebrando la victoria.<\/p>\n<p>Edson \u00c1lvarez, quien fue titular y fue colocado como lateral derecho, public\u00f3 en su cuenta de <em>Instagram<\/em> una fotograf\u00eda para presumir el triunfo en el Nido de CU. Poco despu\u00e9s un aficionado de Pumas lo tundi\u00f3 por el segundo tanto que no se anul\u00f3: &#8220;Comprados como siempre&#8221;.<\/p>\n<p>Pero Edson, como todo americanista crecido por la victoria, sac\u00f3 el orgullo <em>azulcrema<\/em> y lo trolle\u00f3: &#8220;Ahora dilo sin llorar&#8221;.<\/p>\n<p style=\"text-align: center;\"><a href=\"https:\/\/www.futboltotal.com.mx\/2017\/03\/los-partidos-imperdibles-la-fecha-fifa\/\"><span style=\"color: #3366ff;\">VER M\u00c1S: \u00a1Los partidos imperdibles de la Fecha FIFA!<\/span><\/a><\/p>\n<blockquote class=\"instagram-media\" style=\"background: #FFF; border: 0; border-radius: 3px; box-shadow: 0 0 1px 0 rgba(0,0,0,0.5),0 1px 10px 0 rgba(0,0,0,0.15); margin: 1px; max-width: 658px; padding: 0; width: calc(100% - 2px);\" data-instgrm-captioned=\"\" data-instgrm-version=\"7\">\n<div style=\"padding: 8px;\">\n<div style=\"background: #F8F8F8; line-height: 0; margin-top: 40px; padding: 39.71135940409683% 0; text-align: center; width: 100%;\"><\/div>\n<p style=\"margin: 8px 0 0 0; padding: 0 4px;\"><a style=\"color: #000; font-family: Arial,sans-serif; font-size: 14px; font-style: normal; font-weight: normal; line-height: 17px; text-decoration: none; word-wrap: break-word;\" href=\"https:\/\/www.instagram.com\/p\/BR1is_2FjpS\/\" target=\"_blank\">Gran partido de todo el equipo. \u00a1Gracias por todo su apoyo banda!<\/a><\/p>\n<p style=\"color: #c9c8cd; font-family: Arial,sans-serif; font-size: 14px; line-height: 17px; margin-bottom: 0; margin-top: 8px; overflow: hidden; padding: 8px 0 7px; text-align: center; text-overflow: ellipsis; white-space: nowrap;\">A post shared by Edson Alvarez. (@edsonnalvarez) on <time style=\"font-family: Arial,sans-serif; font-size: 14px; line-height: 17px;\" datetime=\"2017-03-19T22:32:56+00:00\">Mar 19, 2017 at 3:32pm PDT<\/time><\/p>\n<\/div>\n<\/blockquote>\n<p><script async defer src=\"\/\/platform.instagram.com\/en_US\/embeds.js\"><\/script><\/p>\n","protected":false},"excerpt":{"rendered":"<p>El canterano americanista respondi\u00f3 a las burlas que recibi\u00f3 en redes sociales.<\/p>\n","protected":false},"author":20,"featured_media":469995,"comment_status":"closed","ping_status":"closed","sticky":false,"template":"","format":"standard","meta":[],"categories":[5419],"tags":[5959,7939],"_links":{"self":[{"href":"http:\/\/desarrollo.grupomedios.com\/futbol\/wp-json\/wp\/v2\/posts\/469990"}],"collection":[{"href":"http:\/\/desarrollo.grupomedios.com\/futbol\/wp-json\/wp\/v2\/posts"}],"about":[{"href":"http:\/\/desarrollo.grupomedios.com\/futbol\/wp-json\/wp\/v2\/types\/post"}],"author":[{"embeddable":true,"href":"http:\/\/desarrollo.grupomedios.com\/futbol\/wp-json\/wp\/v2\/users\/20"}],"replies":[{"embeddable":true,"href":"http:\/\/desarrollo.grupomedios.com\/futbol\/wp-json\/wp\/v2\/comments?post=469990"}],"version-history":[{"count":3,"href":"http:\/\/desarrollo.grupomedios.com\/futbol\/wp-json\/wp\/v2\/posts\/469990\/revisions"}],"predecessor-version":[{"id":470001,"href":"http:\/\/desarrollo.grupomedios.com\/futbol\/wp-json\/wp\/v2\/posts\/469990\/revisions\/470001"}],"wp:featuredmedia":[{"embeddable":true,"href":"http:\/\/desarrollo.grupomedios.com\/futbol\/wp-json\/wp\/v2\/media\/469995"}],"wp:attachment":[{"href":"http:\/\/desarrollo.grupomedios.com\/futbol\/wp-json\/wp\/v2\/media?parent=469990"}],"wp:term":[{"taxonomy":"category","embeddable":true,"href":"http:\/\/desarrollo.grupomedios.com\/futbol\/wp-json\/wp\/v2\/categories?post=469990"},{"taxonomy":"post_tag","embeddable":true,"href":"http:\/\/desarrollo.grupomedios.com\/futbol\/wp-json\/wp\/v2\/tags?post=469990"}],"curies":[{"name":"wp","href":"https:\/\/api.w.org\/{rel}","templated":true}]}}