{"id":470004,"date":"2017-03-22T11:01:13","date_gmt":"2017-03-22T17:01:13","guid":{"rendered":"https:\/\/www.futboltotal.com.mx\/?p=470004"},"modified":"2017-03-22T11:01:13","modified_gmt":"2017-03-22T17:01:13","slug":"hora-mundial-regrese-a-presidente-concacaf","status":"publish","type":"post","link":"http:\/\/desarrollo.grupomedios.com\/futbol\/futbol-internacional\/hora-mundial-regrese-a-presidente-concacaf\/2017\/03","title":{"rendered":"Es hora de que el Mundial regrese a nosotros: Presidente de Concacaf"},"content":{"rendered":"<p>El presidente de la Concacaf, el canadiense V\u00edctor Montagliani, consider\u00f3 este mi\u00e9rcoles que &#8220;ya es hora&#8221; de que el Mundial de f\u00fatbol se celebre en esa regi\u00f3n y record\u00f3 que Estados Unidos, Canad\u00e1 y M\u00e9xico est\u00e1n estudiando la posibilidad de presentar una candidatura conjunta para la edici\u00f3n de 2026.<\/p>\n<blockquote><p>&#8220;Creo que es hora de que el Mundial vuelva a la Concacaf. La \u00faltima vez fue en el 94. Desde entonces ha pasado por todas las otras regiones&#8221;, defendi\u00f3 el canadiense durante su intervenci\u00f3n en la primera jornada del foro &#8220;Football Talks&#8221; en Estoril (Portugal).<\/p><\/blockquote>\n<p>La \u00faltima vez que el torneo fue celebrado en la Concacaf -que incluye a Norteam\u00e9rica, Centroam\u00e9rica, el Caribe, Guayana Francesa, Surinam y Guyana- fue en el Mundial 1994 de Estados Unidos.<\/p>\n<blockquote class=\"twitter-tweet\" data-lang=\"es\">\n<p dir=\"ltr\" lang=\"en\">.<a href=\"https:\/\/twitter.com\/CONCACAF\">@CONCACAF<\/a> President <a href=\"https:\/\/twitter.com\/VicMontagliani\">@VicMontagliani<\/a> will give a live presentation at 11:30AM ET <a href=\"https:\/\/twitter.com\/hashtag\/FootballTalks?src=hash\">#FootballTalks<\/a> <a href=\"https:\/\/t.co\/vj1cvU8MFr\">https:\/\/t.co\/vj1cvU8MFr<\/a> <a href=\"https:\/\/t.co\/1Vw4v4AslU\">pic.twitter.com\/1Vw4v4AslU<\/a><\/p>\n<p>\u2014 CONCACAF (@CONCACAF) <a href=\"https:\/\/twitter.com\/CONCACAF\/status\/844555168507219968\">22 de marzo de 2017<\/a><\/p><\/blockquote>\n<p><script async src=\"\/\/platform.twitter.com\/widgets.js\" charset=\"utf-8\"><\/script><\/p>\n<p>Montagliani se\u00f1al\u00f3 que est\u00e1n considerando &#8220;seriamente&#8221; la oportunidad de que los tres pa\u00edses de Norteam\u00e9rica organicen en conjunto la Copa del Mundo de 2026 y cree que un torneo organizado por los tres ser\u00eda &#8220;fant\u00e1stico&#8221;.<\/p>\n<p>El canadiense valor\u00f3 los &#8220;progresos&#8221; que ha experimentado el f\u00fatbol en esa regi\u00f3n y record\u00f3 que &#8220;en los a\u00f1os 50 y 60 era dif\u00edcil conseguir que el f\u00fatbol penetrase en un mercado donde reinaba el b\u00e9isbol o el f\u00fatbol americano&#8221;.<\/p>\n<p style=\"text-align: center;\"><span style=\"color: #3366ff;\"><a style=\"color: #3366ff;\" href=\"https:\/\/www.futboltotal.com.mx\/2017\/03\/osorio-jugadores-a-los-les-peso-la-playera-del-tri\/\">LEERM\u00c1S: Osorio: \u201cHay jugadores a los que les pes\u00f3 la playera del Tri\u201d<\/a><\/span><\/p>\n<p>En ese sentido, consider\u00f3 que para seguir creciendo es necesario dejar de pensar en la Concacaf como un conglomerado de regiones y pensar en ella como un todo.<\/p>\n<p>&#8220;Juntos llegamos m\u00e1s lejos&#8221;, defendi\u00f3 Montagliani, que adem\u00e1s consider\u00f3 positivo que el negocio del f\u00fatbol se distribuya por m\u00e1s continentes, como \u00c1frica o Asia.<\/p>\n<p>&#8220;El f\u00fatbol estuvo siempre en los mercados emergentes y el caso de China no es diferente. No me parece que sea negativo. Hay una oportunidad. Lo que tenemos que ver es que se haga lo que se haga, hay que ser responsable y colocar el f\u00fatbol en primer lugar&#8221;, refiri\u00f3. EFE<\/p>\n","protected":false},"excerpt":{"rendered":"<p>Canad\u00e1, Estados Unidos y M\u00e9xico son candidatos a organizar el certamen.<\/p>\n","protected":false},"author":144,"featured_media":408537,"comment_status":"closed","ping_status":"closed","sticky":false,"template":"","format":"standard","meta":[],"categories":[3839],"tags":[282,6214,133],"_links":{"self":[{"href":"http:\/\/desarrollo.grupomedios.com\/futbol\/wp-json\/wp\/v2\/posts\/470004"}],"collection":[{"href":"http:\/\/desarrollo.grupomedios.com\/futbol\/wp-json\/wp\/v2\/posts"}],"about":[{"href":"http:\/\/desarrollo.grupomedios.com\/futbol\/wp-json\/wp\/v2\/types\/post"}],"author":[{"embeddable":true,"href":"http:\/\/desarrollo.grupomedios.com\/futbol\/wp-json\/wp\/v2\/users\/144"}],"replies":[{"embeddable":true,"href":"http:\/\/desarrollo.grupomedios.com\/futbol\/wp-json\/wp\/v2\/comments?post=470004"}],"version-history":[{"count":1,"href":"http:\/\/desarrollo.grupomedios.com\/futbol\/wp-json\/wp\/v2\/posts\/470004\/revisions"}],"predecessor-version":[{"id":470010,"href":"http:\/\/desarrollo.grupomedios.com\/futbol\/wp-json\/wp\/v2\/posts\/470004\/revisions\/470010"}],"wp:featuredmedia":[{"embeddable":true,"href":"http:\/\/desarrollo.grupomedios.com\/futbol\/wp-json\/wp\/v2\/media\/408537"}],"wp:attachment":[{"href":"http:\/\/desarrollo.grupomedios.com\/futbol\/wp-json\/wp\/v2\/media?parent=470004"}],"wp:term":[{"taxonomy":"category","embeddable":true,"href":"http:\/\/desarrollo.grupomedios.com\/futbol\/wp-json\/wp\/v2\/categories?post=470004"},{"taxonomy":"post_tag","embeddable":true,"href":"http:\/\/desarrollo.grupomedios.com\/futbol\/wp-json\/wp\/v2\/tags?post=470004"}],"curies":[{"name":"wp","href":"https:\/\/api.w.org\/{rel}","templated":true}]}}