{"id":470016,"date":"2017-03-22T12:04:59","date_gmt":"2017-03-22T18:04:59","guid":{"rendered":"https:\/\/www.futboltotal.com.mx\/?p=470016"},"modified":"2017-03-22T12:04:59","modified_gmt":"2017-03-22T18:04:59","slug":"shevchenko-elogio-trabajo-zidane-en-madrid","status":"publish","type":"post","link":"http:\/\/desarrollo.grupomedios.com\/futbol\/futbol-internacional\/shevchenko-elogio-trabajo-zidane-en-madrid\/2017\/03","title":{"rendered":"Shevchenko elogi\u00f3 trabajo de Zidane en el Madrid"},"content":{"rendered":"<p>Andriy Shevchenko, entrenador de la selecci\u00f3n de f\u00fatbol de Ucrania, valor\u00f3 como &#8220;excelente&#8221; la labor llevada a cabo por Zinedine Zidane en el Real Madrid y reconoci\u00f3 haber aprendido mucho de Carlo Ancelotti.<\/p>\n<blockquote><p>&#8220;Zidane ha hecho un excelente trabajo. Conoce muy bien el Real Madrid, jug\u00f3 all\u00ed, fue asistente de Ancelotti. Y ha demostrado ser un entrenador de \u00e9xito&#8221;, confes\u00f3 Shevchenko en una entrevista concedida a la revista digital The Last Journo.<\/p>\n<p>&#8220;Con Ancelotti, sobre todo aprend\u00ed en el apartado t\u00e1ctico. Al fin y al cabo, en ning\u00fan lugar se trabaja lo t\u00e1ctico como en Italia&#8221;, a\u00f1adi\u00f3 sobre el actual entrenador del Bayern M\u00fanich y pr\u00f3ximo rival del Real Madrid en Liga de Campeones.<\/p><\/blockquote>\n<p>La selecci\u00f3n de Ucrania se enfrentar\u00e1 el pr\u00f3ximo viernes a Croacia en partido de la fase de clasificaci\u00f3n para el Mundial de Rusia 2018 y su seleccionador defendi\u00f3 al delantero Roman Zozulya, al que ha convocado para el encuentro pese a que no ha disputado partido alguno en meses, despu\u00e9s de su frustrada cesi\u00f3n al Rayo Vallecano, rechazado por una parte de la afici\u00f3n rayista que le acusa de apoyar a grupos ultraderechistas de su pa\u00eds.<\/p>\n<p>&#8220;Apoyamos a Zozulya, quien se encontr\u00f3 en una situaci\u00f3n realmente dif\u00edcil, recibiendo acusaciones totalmente infundadas. Es parte de nuestro equipo y un verdadero patriota para su pa\u00eds&#8221;, indic\u00f3 sobre el futbolista ucraniano.<\/p>\n<p style=\"text-align: center;\"><span style=\"color: #3366ff;\"><a style=\"color: #3366ff;\" href=\"https:\/\/www.futboltotal.com.mx\/2017\/03\/la-liga-mx-mundo-en-la-fecha-fifa\/\">LEER M\u00c1S: La Liga MX por el mundo en la Fecha FIFA<\/a><\/span><\/p>\n<p>&#8220;La situaci\u00f3n en Ucrania afecta al f\u00fatbol: al nivel del campeonato, el d\u00eda a d\u00eda de los equipos y tambi\u00e9n a la selecci\u00f3n nacional. Son tiempos dif\u00edciles que debemos superar juntos, manteniendo nuestra unidad&#8221;, argument\u00f3 sobre el contexto actual del pa\u00eds del este de Europa.<\/p>\n<p>Shevchenko, ganador del Bal\u00f3n de Oro en el a\u00f1o 2004 mientras marcaba goles para el AC Milan, destac\u00f3 el m\u00e9rito de Cristiano Ronaldo y Messi. &#8220;En mi \u00e9poca ganar dos o incluso tres Balones de Oro era algo impensable, estaba considerado un \u00e9xito extraordinario. Ahora Messi tiene cinco y Cristiano cuatro, y eso es maravilloso. Estos jugadores son los que dan sentido al mundo del f\u00fatbol&#8221;, concluy\u00f3. EFE.<\/p>\n","protected":false},"excerpt":{"rendered":"<p>Alab\u00f3 al franc\u00e9s y al t\u00e9cnico italiano, Carlo Ancelotti.<\/p>\n","protected":false},"author":129,"featured_media":462857,"comment_status":"closed","ping_status":"closed","sticky":false,"template":"","format":"standard","meta":[],"categories":[3839],"tags":[5988,2215],"_links":{"self":[{"href":"http:\/\/desarrollo.grupomedios.com\/futbol\/wp-json\/wp\/v2\/posts\/470016"}],"collection":[{"href":"http:\/\/desarrollo.grupomedios.com\/futbol\/wp-json\/wp\/v2\/posts"}],"about":[{"href":"http:\/\/desarrollo.grupomedios.com\/futbol\/wp-json\/wp\/v2\/types\/post"}],"author":[{"embeddable":true,"href":"http:\/\/desarrollo.grupomedios.com\/futbol\/wp-json\/wp\/v2\/users\/129"}],"replies":[{"embeddable":true,"href":"http:\/\/desarrollo.grupomedios.com\/futbol\/wp-json\/wp\/v2\/comments?post=470016"}],"version-history":[{"count":1,"href":"http:\/\/desarrollo.grupomedios.com\/futbol\/wp-json\/wp\/v2\/posts\/470016\/revisions"}],"predecessor-version":[{"id":470017,"href":"http:\/\/desarrollo.grupomedios.com\/futbol\/wp-json\/wp\/v2\/posts\/470016\/revisions\/470017"}],"wp:featuredmedia":[{"embeddable":true,"href":"http:\/\/desarrollo.grupomedios.com\/futbol\/wp-json\/wp\/v2\/media\/462857"}],"wp:attachment":[{"href":"http:\/\/desarrollo.grupomedios.com\/futbol\/wp-json\/wp\/v2\/media?parent=470016"}],"wp:term":[{"taxonomy":"category","embeddable":true,"href":"http:\/\/desarrollo.grupomedios.com\/futbol\/wp-json\/wp\/v2\/categories?post=470016"},{"taxonomy":"post_tag","embeddable":true,"href":"http:\/\/desarrollo.grupomedios.com\/futbol\/wp-json\/wp\/v2\/tags?post=470016"}],"curies":[{"name":"wp","href":"https:\/\/api.w.org\/{rel}","templated":true}]}}