{"id":470058,"date":"2017-03-22T15:06:54","date_gmt":"2017-03-22T21:06:54","guid":{"rendered":"https:\/\/www.futboltotal.com.mx\/?p=470058"},"modified":"2017-03-22T15:09:12","modified_gmt":"2017-03-22T21:09:12","slug":"roban-182-medallas-atleta-paralimpico-mexicano","status":"publish","type":"post","link":"http:\/\/desarrollo.grupomedios.com\/futbol\/no-todo-es-futbol\/roban-182-medallas-atleta-paralimpico-mexicano\/2017\/03","title":{"rendered":"Roban 182 medallas de atleta paral\u00edmpico mexicano"},"content":{"rendered":"<p>El nadador paral\u00edmpico mexicano, <strong>Vidal Dom\u00ednguez<\/strong>, denunci\u00f3 el robo de 182 medallas, que sufri\u00f3 en su domicilio, ubicado en la colonia Mirador, en Colima, durante el pasado fin de semana. Las preseas obtenidas fueron de distintas competencias internacionales en las que ha participado desde hace m\u00e1s de 17 a\u00f1os.<\/p>\n<p>Al respecto, el gobernador de Colima, Ignacio Peralta S\u00e1nchez, se comprometi\u00f3 a encontrar las medallas robadas a <strong>Vidal Dom\u00ednguez<\/strong>, y tras un operativo de b\u00fasqueda, ya fueron halladas 82 de las preseas de las que fue despojado el atleta paral\u00edmpico.<\/p>\n<p style=\"text-align: center;\"><span style=\"color: #3366ff;\"><a style=\"color: #3366ff;\" href=\"https:\/\/www.futboltotal.com.mx\/2017\/03\/conductor-espn-cayo-en-broma-gemidos\/\" target=\"_blank\"><strong>LEER M\u00c1S: Conductor de ESPN cae en broma de gemidos<\/strong><\/a><\/span><\/p>\n<blockquote class=\"twitter-tweet\" data-lang=\"es\">\n<p dir=\"ltr\" lang=\"es\">\u201cVamos a encontrar las medallas\u201d, responde gobernador a Vidal Dom\u00ednguez <a href=\"https:\/\/t.co\/6Et6yRaaLX\">https:\/\/t.co\/6Et6yRaaLX<\/a><\/p>\n<p>\u2014 Noticias de Colima (@NoticiaColima) <a href=\"https:\/\/twitter.com\/NoticiaColima\/status\/844255280535953408\">21 de marzo de 2017<\/a><\/p><\/blockquote>\n<p><script async src=\"\/\/platform.twitter.com\/widgets.js\" charset=\"utf-8\"><\/script><\/p>\n<p>\u201cMe siento feliz porque toda la noche no pude dormir, estoy contento porque gracias al gobernador que \u00e9l gir\u00f3 instrucciones para que aparecieran las medallas&#8230;Las cosas se dieron r\u00e1pidas\u00a0porque de lo contrario las iban a desaparecer\u201d, se\u00f1al\u00f3 <strong>Vidal Dom\u00ednguez<\/strong>, en entrevista con <em>Noticias de Colima.<\/em><\/p>\n<p><strong>S\u00edguenos en Twitter<\/strong>: <a href=\"https:\/\/twitter.com\/MXFutbolTotal\" target=\"_blank\">@MXFutbolTotal<\/a><\/p>\n","protected":false},"excerpt":{"rendered":"<p>Vidal Dom\u00ednguez sufri\u00f3 del hurto de preseas en su domicilio.<\/p>\n","protected":false},"author":20,"featured_media":470061,"comment_status":"closed","ping_status":"closed","sticky":false,"template":"","format":"standard","meta":[],"categories":[5418,6411],"tags":[5461],"_links":{"self":[{"href":"http:\/\/desarrollo.grupomedios.com\/futbol\/wp-json\/wp\/v2\/posts\/470058"}],"collection":[{"href":"http:\/\/desarrollo.grupomedios.com\/futbol\/wp-json\/wp\/v2\/posts"}],"about":[{"href":"http:\/\/desarrollo.grupomedios.com\/futbol\/wp-json\/wp\/v2\/types\/post"}],"author":[{"embeddable":true,"href":"http:\/\/desarrollo.grupomedios.com\/futbol\/wp-json\/wp\/v2\/users\/20"}],"replies":[{"embeddable":true,"href":"http:\/\/desarrollo.grupomedios.com\/futbol\/wp-json\/wp\/v2\/comments?post=470058"}],"version-history":[{"count":2,"href":"http:\/\/desarrollo.grupomedios.com\/futbol\/wp-json\/wp\/v2\/posts\/470058\/revisions"}],"predecessor-version":[{"id":470063,"href":"http:\/\/desarrollo.grupomedios.com\/futbol\/wp-json\/wp\/v2\/posts\/470058\/revisions\/470063"}],"wp:featuredmedia":[{"embeddable":true,"href":"http:\/\/desarrollo.grupomedios.com\/futbol\/wp-json\/wp\/v2\/media\/470061"}],"wp:attachment":[{"href":"http:\/\/desarrollo.grupomedios.com\/futbol\/wp-json\/wp\/v2\/media?parent=470058"}],"wp:term":[{"taxonomy":"category","embeddable":true,"href":"http:\/\/desarrollo.grupomedios.com\/futbol\/wp-json\/wp\/v2\/categories?post=470058"},{"taxonomy":"post_tag","embeddable":true,"href":"http:\/\/desarrollo.grupomedios.com\/futbol\/wp-json\/wp\/v2\/tags?post=470058"}],"curies":[{"name":"wp","href":"https:\/\/api.w.org\/{rel}","templated":true}]}}