{"id":470066,"date":"2017-03-22T16:02:47","date_gmt":"2017-03-22T22:02:47","guid":{"rendered":"https:\/\/www.futboltotal.com.mx\/?p=470066"},"modified":"2017-03-22T16:10:44","modified_gmt":"2017-03-22T22:10:44","slug":"paul-aguilar-reaparecera-america","status":"publish","type":"post","link":"http:\/\/desarrollo.grupomedios.com\/futbol\/futbol-mexicano\/paul-aguilar-reaparecera-america\/2017\/03","title":{"rendered":"Paul Aguilar reaparecer\u00e1 con Am\u00e9rica"},"content":{"rendered":"<p>Hay buenas noticias en el <strong>Am\u00e9rica<\/strong> durante este receso por Fecha FIFA: el defensa <strong>Paul Aguilar<\/strong> por fin podr\u00eda volver a disputar un partido tras haber superado una rotura de ligamento cruzado.<\/p>\n<p>El lateral derecho, quien comenz\u00f3 su rehabilitaci\u00f3n el pasado 5 de enero, apunta para tener minutos en el duelo amistoso contra el Morelia, a disputarse el pr\u00f3ximo domingo 26 de marzo en San Jos\u00e9 California.<\/p>\n<p style=\"text-align: center;\"><a href=\"https:\/\/www.futboltotal.com.mx\/futbol-mexicano\/\"><span style=\"color: #3366ff;\">VER M\u00c1S: Todas las noticias de Futbol Internacional<\/span><\/a><\/p>\n<p>El <strong>Am\u00e9rica<\/strong> entren\u00f3 este mi\u00e9rcoles y <strong>Paul Aguilar<\/strong> lo hizo a tope con el primer equipo. El sinaloense complet\u00f3 la parte f\u00edsica, tal y como lo ha hecho durante las \u00faltimas semanas, y pr\u00e1cticamente est\u00e1 listo para volver a las canchas y recobrar sensaciones.<\/p>\n<p><strong>Aguilar<\/strong> fue operado el pasado 8 de octubre por una rotura de ligamento cruzado en la rodilla derecha y en aquel momento el club comunic\u00f3 que estar\u00eda fuera de actividad seis meses. Aunque hasta ahora han pasado poco m\u00e1s de cinco meses, la evoluci\u00f3n que ha tenido ha sido favorable, por lo que podr\u00eda estar listo antes de lo previsto.<\/p>\n<p>En el entrenamiento de hoy tambi\u00e9n estuvieron presentes los lesionados Miguel Samudio y Paolo Goltz, quienes realizaron solo trabajo de gimnasio.<\/p>\n<p>Los grandes ausentes fueron los seleccionados Oribe Peralta, el paraguayo Bruno Valdez y el colombiano Cecilio Dominguez, as\u00ed como el paraguayo Pablo Aguilar, quien tras haber sido inhabilitado un a\u00f1o recibi\u00f3 descanso unos d\u00edas por parte de la directiva <em>azulcrema.<\/em><\/p>\n<p><b>S\u00edguenos en Twitter<\/b>:\u00a0<a href=\"https:\/\/twitter.com\/MXFutbolTotal\"><span class=\"s2\">@MXFutbolTotal<\/span><\/a><\/p>\n","protected":false},"excerpt":{"rendered":"<p>El lateral derecho podr\u00eda tener minutos en el receso por Fecha FIFA.<\/p>\n","protected":false},"author":20,"featured_media":470075,"comment_status":"closed","ping_status":"closed","sticky":false,"template":"","format":"standard","meta":[],"categories":[2198,3845],"tags":[5959,216],"_links":{"self":[{"href":"http:\/\/desarrollo.grupomedios.com\/futbol\/wp-json\/wp\/v2\/posts\/470066"}],"collection":[{"href":"http:\/\/desarrollo.grupomedios.com\/futbol\/wp-json\/wp\/v2\/posts"}],"about":[{"href":"http:\/\/desarrollo.grupomedios.com\/futbol\/wp-json\/wp\/v2\/types\/post"}],"author":[{"embeddable":true,"href":"http:\/\/desarrollo.grupomedios.com\/futbol\/wp-json\/wp\/v2\/users\/20"}],"replies":[{"embeddable":true,"href":"http:\/\/desarrollo.grupomedios.com\/futbol\/wp-json\/wp\/v2\/comments?post=470066"}],"version-history":[{"count":2,"href":"http:\/\/desarrollo.grupomedios.com\/futbol\/wp-json\/wp\/v2\/posts\/470066\/revisions"}],"predecessor-version":[{"id":470078,"href":"http:\/\/desarrollo.grupomedios.com\/futbol\/wp-json\/wp\/v2\/posts\/470066\/revisions\/470078"}],"wp:featuredmedia":[{"embeddable":true,"href":"http:\/\/desarrollo.grupomedios.com\/futbol\/wp-json\/wp\/v2\/media\/470075"}],"wp:attachment":[{"href":"http:\/\/desarrollo.grupomedios.com\/futbol\/wp-json\/wp\/v2\/media?parent=470066"}],"wp:term":[{"taxonomy":"category","embeddable":true,"href":"http:\/\/desarrollo.grupomedios.com\/futbol\/wp-json\/wp\/v2\/categories?post=470066"},{"taxonomy":"post_tag","embeddable":true,"href":"http:\/\/desarrollo.grupomedios.com\/futbol\/wp-json\/wp\/v2\/tags?post=470066"}],"curies":[{"name":"wp","href":"https:\/\/api.w.org\/{rel}","templated":true}]}}