{"id":470072,"date":"2017-03-22T16:00:09","date_gmt":"2017-03-22T22:00:09","guid":{"rendered":"https:\/\/www.futboltotal.com.mx\/?p=470072"},"modified":"2017-03-22T16:00:09","modified_gmt":"2017-03-22T22:00:09","slug":"podolski-se-despide-alemania-pie-derecho","status":"publish","type":"post","link":"http:\/\/desarrollo.grupomedios.com\/futbol\/videos\/podolski-se-despide-alemania-pie-derecho\/2017\/03","title":{"rendered":"Podolski se despide de Alemania con un golazo"},"content":{"rendered":"<p>En el partido entre Alemania e Inglaterra, que sirvi\u00f3 como homenaje a Lukas Podolski, el delantero alem\u00e1n se despidi\u00f3 con un golazo de su selecci\u00f3n, que termin\u00f3 por darle el triunfo a su equipo por 1-0.<\/p>\n<p>Durante el primer tiempo los ingleses dominaron con llegadas de Jamie Vardy y Delle Alli, pero un bal\u00f3n en el poste y otro atajado por Marc Andr\u00e9 ter Stegen impidi\u00f3 que el equipo de la rosa se fuera con ventaja al descanso.<\/p>\n<blockquote class=\"twitter-video\" data-lang=\"es\">\n<p dir=\"ltr\" lang=\"es\">\u00a1El momento de la noche y la merecida despedida a una leyenda! LP &#x1f51f;&#x1f1e9;&#x1f1ea;<a href=\"https:\/\/twitter.com\/hashtag\/PorSiemprePoldi?src=hash\">#PorSiemprePoldi<\/a> <a href=\"https:\/\/twitter.com\/hashtag\/GERENG?src=hash\">#GERENG<\/a> <a href=\"https:\/\/twitter.com\/hashtag\/DieMannschaft?src=hash\">#DieMannschaft<\/a> <a href=\"https:\/\/t.co\/iDOb0Z1mDV\">pic.twitter.com\/iDOb0Z1mDV<\/a><\/p>\n<p>\u2014 Selecci\u00f3n Alemana (@DFB_Team_ES) <a href=\"https:\/\/twitter.com\/DFB_Team_ES\/status\/844667999621709825\">22 de marzo de 2017<\/a><\/p><\/blockquote>\n<p><script async src=\"\/\/platform.twitter.com\/widgets.js\" charset=\"utf-8\"><\/script><\/p>\n<p>Para la segunda mitad, los alemanes salieron enchufados con Leroy San\u00e9 y Julian Brandt generando m\u00e1s peligro en la porter\u00eda de Joe Hart, quien ataj\u00f3 tres disparos de gol.<\/p>\n<p>Al \u00fanico que no pudo vencer fue al festejado Podolski. Toni Kroos habilit\u00f3 para Andr\u00e9 Schurrle y el jugador del Borussia Dortmund dej\u00f3 el bal\u00f3n para que el ariete teut\u00f3n lo pusiera en el \u00e1ngulo de Hart.<\/p>\n<p style=\"text-align: center;\"><span style=\"color: #3366ff;\"><a style=\"color: #3366ff;\" href=\"https:\/\/www.futboltotal.com.mx\/2017\/03\/mexico-enfrentara-a-seleccion-africana-previo-a-copa-oro\/\">LEER M\u00c1S: M\u00e9xico enfrentar\u00e1 a selecci\u00f3n Africana previo a Copa Oro<\/a><\/span><\/p>\n<blockquote class=\"twitter-video\" data-lang=\"es\">\n<p dir=\"ltr\" lang=\"es\">Podolski se despide de la selecci\u00f3n alemana de manera enorme. \u00a1Qu\u00e9 gol! (V\u00eda- <a href=\"https:\/\/twitter.com\/NunkDejesDCreer\">@NunkDejesDCreer<\/a>) <a href=\"https:\/\/t.co\/7Iru3ufDGW\">pic.twitter.com\/7Iru3ufDGW<\/a><\/p>\n<p>\u2014 Javier Alarc\u00f3n (@Javier_Alarcon_) <a href=\"https:\/\/twitter.com\/Javier_Alarcon_\/status\/844667121883844608\">22 de marzo de 2017<\/a><\/p><\/blockquote>\n<p><script async src=\"\/\/platform.twitter.com\/widgets.js\" charset=\"utf-8\"><\/script><\/p>\n<p>A partir de ese momento, la selecci\u00f3n teutona fue dominadora del partido e incluso pudo aumentar su ventaja, pero ni Julian Brandt, Thomas Muller o Schurrle pudieron volver a vencer a Hart.<\/p>\n","protected":false},"excerpt":{"rendered":"<p>El alem\u00e1n se despidi\u00f3 con triunfo y gol para su equipo.<\/p>\n","protected":false},"author":129,"featured_media":470073,"comment_status":"closed","ping_status":"closed","sticky":false,"template":"","format":"standard","meta":[],"categories":[4],"tags":[6214,2581],"_links":{"self":[{"href":"http:\/\/desarrollo.grupomedios.com\/futbol\/wp-json\/wp\/v2\/posts\/470072"}],"collection":[{"href":"http:\/\/desarrollo.grupomedios.com\/futbol\/wp-json\/wp\/v2\/posts"}],"about":[{"href":"http:\/\/desarrollo.grupomedios.com\/futbol\/wp-json\/wp\/v2\/types\/post"}],"author":[{"embeddable":true,"href":"http:\/\/desarrollo.grupomedios.com\/futbol\/wp-json\/wp\/v2\/users\/129"}],"replies":[{"embeddable":true,"href":"http:\/\/desarrollo.grupomedios.com\/futbol\/wp-json\/wp\/v2\/comments?post=470072"}],"version-history":[{"count":1,"href":"http:\/\/desarrollo.grupomedios.com\/futbol\/wp-json\/wp\/v2\/posts\/470072\/revisions"}],"predecessor-version":[{"id":470074,"href":"http:\/\/desarrollo.grupomedios.com\/futbol\/wp-json\/wp\/v2\/posts\/470072\/revisions\/470074"}],"wp:featuredmedia":[{"embeddable":true,"href":"http:\/\/desarrollo.grupomedios.com\/futbol\/wp-json\/wp\/v2\/media\/470073"}],"wp:attachment":[{"href":"http:\/\/desarrollo.grupomedios.com\/futbol\/wp-json\/wp\/v2\/media?parent=470072"}],"wp:term":[{"taxonomy":"category","embeddable":true,"href":"http:\/\/desarrollo.grupomedios.com\/futbol\/wp-json\/wp\/v2\/categories?post=470072"},{"taxonomy":"post_tag","embeddable":true,"href":"http:\/\/desarrollo.grupomedios.com\/futbol\/wp-json\/wp\/v2\/tags?post=470072"}],"curies":[{"name":"wp","href":"https:\/\/api.w.org\/{rel}","templated":true}]}}