{"id":470085,"date":"2017-03-22T16:42:59","date_gmt":"2017-03-22T22:42:59","guid":{"rendered":"https:\/\/www.futboltotal.com.mx\/?p=470085"},"modified":"2017-03-22T16:42:59","modified_gmt":"2017-03-22T22:42:59","slug":"acusan-a-arturo-vidal-provocar-a-los-argentinos-le-llaman-borracho","status":"publish","type":"post","link":"http:\/\/desarrollo.grupomedios.com\/futbol\/futbol-internacional\/acusan-a-arturo-vidal-provocar-a-los-argentinos-le-llaman-borracho\/2017\/03","title":{"rendered":"Acusan a Vidal de provocar a los argentinos y le llaman borracho"},"content":{"rendered":"<p>El partido entre Argentina y Chile sigue causando morbo luego de las dos finales que ganaron los andinos ante la Albiceleste. Pues ahora el mediocampista chileno,<strong> Arturo Vidal<\/strong>, ha sido criticado por la prensa argentina de calentar el partido luego de un video que subi\u00f3 a sus redes sociales.<\/p>\n<p>En su cuenta de Instagram, Vidal comparti\u00f3 un video donde aparece cantando la canci\u00f3n &#8220;Me acostumbr\u00e9 (de Arcangel)&#8221;, por lo que de inmediato se entendi\u00f3 como una indirecta tras los triunfos en las pasadas Copa Am\u00e9rica.<\/p>\n<p>M\u00e1s tarde borr\u00f3 el video donde tambi\u00e9n aparece su hermano y el preparador f\u00edsico Juan Ram\u00edrez.&#8221;Ya me acostumbr\u00e9 a ganar, ya me acostumbr\u00e9 a siempre ganar. Ya me acostumbre, ya me acostumbre a callarle la boca al que no me cree&#8221;, se escucha cantar a <strong>Vidal<\/strong>.<\/p>\n<p>Ante ello, la gente del programa <em>Fox Sports Radio<\/em> de Argentina, entraron en pol\u00e9mica y hubo unos que criticaron la actitud del jugador del Bayern y hasta lo llamaron borracho.<\/p>\n<p style=\"text-align: center;\"><span style=\"color: #3366ff;\"><a style=\"color: #3366ff;\" href=\"https:\/\/www.futboltotal.com.mx\/2017\/03\/mexico-enfrentara-a-seleccion-africana-previo-a-copa-oro\/\">LEER M\u00c1S: M\u00e9xico enfrentar\u00e1 a selecci\u00f3n Africana previo a Copa Oro<\/a><\/span><\/p>\n<blockquote class=\"twitter-video\" data-lang=\"es\">\n<p dir=\"ltr\" lang=\"es\"><a href=\"https:\/\/twitter.com\/hashtag\/FSRadiosur?src=hash\">#FSRadiosur<\/a> Arturo Vidal chicanea a la Selecci\u00f3n Argentina. <a href=\"https:\/\/twitter.com\/PolloVignolo\">@PolloVignolo<\/a> dijo: &#8220;A mi me saca&#8221; <a href=\"https:\/\/t.co\/1TEwN0GqwF\">pic.twitter.com\/1TEwN0GqwF<\/a><\/p>\n<p>\u2014 FOX Sports Argentina (@FOXSportsArg) <a href=\"https:\/\/twitter.com\/FOXSportsArg\/status\/844321103837257728\">21 de marzo de 2017<\/a><\/p><\/blockquote>\n<p><script async src=\"\/\/platform.twitter.com\/widgets.js\" charset=\"utf-8\"><\/script><\/p>\n","protected":false},"excerpt":{"rendered":"<p>Vidal no jugar\u00e1 el partido por lesi\u00f3n.<\/p>\n","protected":false},"author":20,"featured_media":457053,"comment_status":"closed","ping_status":"closed","sticky":false,"template":"","format":"standard","meta":[],"categories":[3839],"tags":[2962,6214],"_links":{"self":[{"href":"http:\/\/desarrollo.grupomedios.com\/futbol\/wp-json\/wp\/v2\/posts\/470085"}],"collection":[{"href":"http:\/\/desarrollo.grupomedios.com\/futbol\/wp-json\/wp\/v2\/posts"}],"about":[{"href":"http:\/\/desarrollo.grupomedios.com\/futbol\/wp-json\/wp\/v2\/types\/post"}],"author":[{"embeddable":true,"href":"http:\/\/desarrollo.grupomedios.com\/futbol\/wp-json\/wp\/v2\/users\/20"}],"replies":[{"embeddable":true,"href":"http:\/\/desarrollo.grupomedios.com\/futbol\/wp-json\/wp\/v2\/comments?post=470085"}],"version-history":[{"count":1,"href":"http:\/\/desarrollo.grupomedios.com\/futbol\/wp-json\/wp\/v2\/posts\/470085\/revisions"}],"predecessor-version":[{"id":470089,"href":"http:\/\/desarrollo.grupomedios.com\/futbol\/wp-json\/wp\/v2\/posts\/470085\/revisions\/470089"}],"wp:featuredmedia":[{"embeddable":true,"href":"http:\/\/desarrollo.grupomedios.com\/futbol\/wp-json\/wp\/v2\/media\/457053"}],"wp:attachment":[{"href":"http:\/\/desarrollo.grupomedios.com\/futbol\/wp-json\/wp\/v2\/media?parent=470085"}],"wp:term":[{"taxonomy":"category","embeddable":true,"href":"http:\/\/desarrollo.grupomedios.com\/futbol\/wp-json\/wp\/v2\/categories?post=470085"},{"taxonomy":"post_tag","embeddable":true,"href":"http:\/\/desarrollo.grupomedios.com\/futbol\/wp-json\/wp\/v2\/tags?post=470085"}],"curies":[{"name":"wp","href":"https:\/\/api.w.org\/{rel}","templated":true}]}}