{"id":470128,"date":"2017-03-23T10:30:20","date_gmt":"2017-03-23T16:30:20","guid":{"rendered":"https:\/\/www.futboltotal.com.mx\/?p=470128"},"modified":"2017-03-23T13:37:46","modified_gmt":"2017-03-23T19:37:46","slug":"causa-y-efecto-de-alexis-sanchez","status":"publish","type":"post","link":"http:\/\/desarrollo.grupomedios.com\/futbol\/videos\/causa-y-efecto-de-alexis-sanchez\/2017\/03","title":{"rendered":"\u00a1Causa y efecto de&#8230; Alexis S\u00e1nchez!"},"content":{"rendered":"<p>El delantero chileno, <strong>Alexis S\u00e1nchez<\/strong>, podr\u00eda tener actividad en la fecha FIFA de marzo, en la que su selecci\u00f3n enfrentar\u00e1 a Argentina, este jueves 23 de marzo, y a Venezuela, el martes 28. El ariete andino ha tenido una carrera exitosa por distintos pa\u00edses, pues jug\u00f3 en equipos sumamente competitivos de Argentina, Chile, Italia, Espa\u00f1a e Inglaterra.<\/p>\n<p>[video_player]https:\/\/player.vimeo.com\/external\/209603825.hd.mp4?s=0a485a7ed423960d374f81dc71db00ee44c4a7cf&amp;profile_id=174|wide[\/video_player]<\/p>\n<p style=\"text-align: center;\"><span style=\"color: #3366ff;\"><a style=\"color: #3366ff;\" href=\"https:\/\/www.futboltotal.com.mx\/2017\/03\/lukas-podolski-campeon-la-cancha\/\" target=\"_blank\"><strong>LEER M\u00c1S: El homenaje a Lukas Podolski<\/strong><\/a><\/span><\/p>\n<p><strong>Alexis S\u00e1nchez<\/strong> naci\u00f3 el 19 de diciembre de 1988, en Tocopilla, una regi\u00f3n minera de Chile. Vivi\u00f3 de muchas carencias, pero nunca quiso dedicarse al oficio que realizaban en su pueblo, pues so\u00f1aba con brillar en el futbol. A los 10 a\u00f1os, se traslad\u00f3 a Rancagua para integrarse a una escuela filial de Universidad Cat\u00f3lica.<\/p>\n<p>La primera experiencia no result\u00f3, as\u00ed que tuvo que regresar a su ciudad de origen, pero en su mente no cab\u00eda la palabre rendirse. Tras varios a\u00f1os de picar piedra en el futbol amateur, Alexis pudo probarse en el Cobreloa, que lo acogi\u00f3 en Fuerzas B\u00e1sicas. Finalmente en 2005, el cuadro chileno lo debut\u00f3. De esta forma inici\u00f3 una carrera exitosa, por el mundo.<\/p>\n<p>Colo-Colo, River Plate y Udinese fueron sus siguientes clubes, pero en 2011 pas\u00f3 a la historia por ser el fichaje chileno m\u00e1s caro, pues fueron 26 mde los que desembols\u00f3 Barcelona por \u00e9l, y en tres a\u00f1os como cul\u00e9, gan\u00f3 seis t\u00edtulos nacionales e internacionales. Para 2014 abandon\u00f3 a los catalanes, as\u00ed super\u00f3 su propio r\u00e9cord, al ser fichado por 38 mde por el Arsenal.<\/p>\n<p>Con la Selecci\u00f3n, <strong>Alexis S\u00e1nchez<\/strong> debut\u00f3 el 1 de marzo de 2006; desde entonces, es uno de los principales referentes de una generaci\u00f3n andina hist\u00f3rica&#8230; Como seleccionado, ha competido en tres Eliminatorias Mundialistas, dos Copas del Mundo y tres ediciones de la Copa Am\u00e9rica, donde fue campe\u00f3n en dos.<\/p>\n<p><strong>S\u00edguenos en Twitter<\/strong>: <a href=\"https:\/\/twitter.com\/MXFutbolTotal\" target=\"_blank\">@MXFutbolTotal<\/a><\/p>\n","protected":false},"excerpt":{"rendered":"<p>El delantero andino ha tenido un paso como trotamundos, bastante exitoso.<\/p>\n","protected":false},"author":20,"featured_media":470131,"comment_status":"closed","ping_status":"closed","sticky":false,"template":"","format":"standard","meta":[],"categories":[7570,3839,4,6433],"tags":[6053,8184,6214],"_links":{"self":[{"href":"http:\/\/desarrollo.grupomedios.com\/futbol\/wp-json\/wp\/v2\/posts\/470128"}],"collection":[{"href":"http:\/\/desarrollo.grupomedios.com\/futbol\/wp-json\/wp\/v2\/posts"}],"about":[{"href":"http:\/\/desarrollo.grupomedios.com\/futbol\/wp-json\/wp\/v2\/types\/post"}],"author":[{"embeddable":true,"href":"http:\/\/desarrollo.grupomedios.com\/futbol\/wp-json\/wp\/v2\/users\/20"}],"replies":[{"embeddable":true,"href":"http:\/\/desarrollo.grupomedios.com\/futbol\/wp-json\/wp\/v2\/comments?post=470128"}],"version-history":[{"count":1,"href":"http:\/\/desarrollo.grupomedios.com\/futbol\/wp-json\/wp\/v2\/posts\/470128\/revisions"}],"predecessor-version":[{"id":470132,"href":"http:\/\/desarrollo.grupomedios.com\/futbol\/wp-json\/wp\/v2\/posts\/470128\/revisions\/470132"}],"wp:featuredmedia":[{"embeddable":true,"href":"http:\/\/desarrollo.grupomedios.com\/futbol\/wp-json\/wp\/v2\/media\/470131"}],"wp:attachment":[{"href":"http:\/\/desarrollo.grupomedios.com\/futbol\/wp-json\/wp\/v2\/media?parent=470128"}],"wp:term":[{"taxonomy":"category","embeddable":true,"href":"http:\/\/desarrollo.grupomedios.com\/futbol\/wp-json\/wp\/v2\/categories?post=470128"},{"taxonomy":"post_tag","embeddable":true,"href":"http:\/\/desarrollo.grupomedios.com\/futbol\/wp-json\/wp\/v2\/tags?post=470128"}],"curies":[{"name":"wp","href":"https:\/\/api.w.org\/{rel}","templated":true}]}}