{"id":470145,"date":"2017-03-23T10:05:11","date_gmt":"2017-03-23T16:05:11","guid":{"rendered":"https:\/\/www.futboltotal.com.mx\/?p=470145"},"modified":"2017-03-23T10:05:11","modified_gmt":"2017-03-23T16:05:11","slug":"simeone-descarta-griezmann-salga-del-atletico-madrid","status":"publish","type":"post","link":"http:\/\/desarrollo.grupomedios.com\/futbol\/futbol-internacional\/simeone-descarta-griezmann-salga-del-atletico-madrid\/2017\/03","title":{"rendered":"Simeone no descarta que Griezmann salga del Atletico de Madrid"},"content":{"rendered":"<p>Diego Simeone, t\u00e9cnico del Atl\u00e9tico de Madrid, no descart\u00f3 que la figura de su equipo, Antoine Griezmann, pueda salir del equipo en los pr\u00f3ximos meses, pues asegur\u00f3 que &#8220;hay una cl\u00e1usula y no garantiza su estancia&#8221; en el equipo.<\/p>\n<p>El Cholo record\u00f3 que la temporada pasada, Griezmann le asegur\u00f3 que se qued\u00f3 porque quer\u00eda seguir con el equipo, pero el t\u00e9cnico argentino explic\u00f3 que &#8220;de ahora en adelante no s\u00e9 lo que puede pasar&#8221;.<\/p>\n<p>Simeone no dud\u00f3 en afirmar de que existan posibilidades de que salga del equipo. &#8220;S\u00ed, porque hay una cl\u00e1usula de rescisi\u00f3n. No hay una seguridad y jam\u00e1s me permitir\u00eda exigirle que se quedara&#8221;, explic\u00f3 el t\u00e9cnico rojiblanco, y record\u00f3 que tampoco lo hizo con jugadores como Diego Costa o Radamel Falcao.<\/p>\n<p style=\"text-align: center;\"><span style=\"color: #3366ff;\"><a style=\"color: #3366ff;\" href=\"https:\/\/www.futboltotal.com.mx\/2017\/03\/tri-alinearia-tridente-chicharito-vela-oribe-ante-costa-rica\/\">LEER M\u00c1S: El Tri alinear\u00eda tridente Chicharito-Vela-Oribe ante Costa Rica<\/a><\/span><\/p>\n<p>&#8220;Pero est\u00e1 claro que siempre que se quede, el equipo y el club van a seguir creciendo&#8221; y aprovech\u00f3 para elogiar al franc\u00e9s: &#8220;es el jugador que m\u00e1s r\u00e1pido interpreta las lecturas de ataque del equipo&#8221;.<\/p>\n<p>Adem\u00e1s, el Cholo tambi\u00e9n habl\u00f3 sobre su futuro en el club y aseguro que todav\u00eda no busca salir del equipo porque &#8220;si me hubiera querido ir a otro equipo habr\u00eda tenido 35 millones de razones&#8221;.<\/p>\n<blockquote><p>&#8220;Y no me fui porque no quise. Porque no quiero. Porque todav\u00eda me siento identificado con lo que hago, con el club, porque todav\u00eda le tengo un apego enorme al equipo&#8221;, afirm\u00f3.<\/p>\n<p>&#8220;El club est\u00e1 en el mejor momento. El Atl\u00e9tico va a mucho m\u00e1s. Si me hubiera ido cinco a\u00f1os atr\u00e1s, bueno. El Atl\u00e9tico tiene estadio nuevo, seguro que mejores presupuestos en el futuro&#8221;, a\u00f1adi\u00f3.<\/p>\n<p>&#8220;Si Dios nos ayuda entraremos otra vez en Champions para seguir mejorando&#8221;, afirm\u00f3 el t\u00e9cnico, cuyo equipo marcha en la cuarta posici\u00f3n liguera, que da acceso a la ronda previa de la competici\u00f3n continental.<\/p><\/blockquote>\n<p>Simeone explic\u00f3 el motivo por el que baj\u00f3 la duraci\u00f3n de su contrato con el equipo de 2020 a 2018 porque &#8220;era lo mejor para m\u00ed y para la entidad&#8221;, negando que fuese por un deseo de irse.<\/p>\n","protected":false},"excerpt":{"rendered":"<p>El Cholo explic\u00f3 que se puede ir si pagan su cl\u00e1usula.<\/p>\n","protected":false},"author":20,"featured_media":444353,"comment_status":"closed","ping_status":"closed","sticky":false,"template":"","format":"standard","meta":[],"categories":[3839],"tags":[6214,5256,3079],"_links":{"self":[{"href":"http:\/\/desarrollo.grupomedios.com\/futbol\/wp-json\/wp\/v2\/posts\/470145"}],"collection":[{"href":"http:\/\/desarrollo.grupomedios.com\/futbol\/wp-json\/wp\/v2\/posts"}],"about":[{"href":"http:\/\/desarrollo.grupomedios.com\/futbol\/wp-json\/wp\/v2\/types\/post"}],"author":[{"embeddable":true,"href":"http:\/\/desarrollo.grupomedios.com\/futbol\/wp-json\/wp\/v2\/users\/20"}],"replies":[{"embeddable":true,"href":"http:\/\/desarrollo.grupomedios.com\/futbol\/wp-json\/wp\/v2\/comments?post=470145"}],"version-history":[{"count":1,"href":"http:\/\/desarrollo.grupomedios.com\/futbol\/wp-json\/wp\/v2\/posts\/470145\/revisions"}],"predecessor-version":[{"id":470150,"href":"http:\/\/desarrollo.grupomedios.com\/futbol\/wp-json\/wp\/v2\/posts\/470145\/revisions\/470150"}],"wp:featuredmedia":[{"embeddable":true,"href":"http:\/\/desarrollo.grupomedios.com\/futbol\/wp-json\/wp\/v2\/media\/444353"}],"wp:attachment":[{"href":"http:\/\/desarrollo.grupomedios.com\/futbol\/wp-json\/wp\/v2\/media?parent=470145"}],"wp:term":[{"taxonomy":"category","embeddable":true,"href":"http:\/\/desarrollo.grupomedios.com\/futbol\/wp-json\/wp\/v2\/categories?post=470145"},{"taxonomy":"post_tag","embeddable":true,"href":"http:\/\/desarrollo.grupomedios.com\/futbol\/wp-json\/wp\/v2\/tags?post=470145"}],"curies":[{"name":"wp","href":"https:\/\/api.w.org\/{rel}","templated":true}]}}