{"id":470233,"date":"2017-03-23T16:05:49","date_gmt":"2017-03-23T22:05:49","guid":{"rendered":"https:\/\/www.futboltotal.com.mx\/?p=470233"},"modified":"2017-03-23T16:05:49","modified_gmt":"2017-03-23T22:05:49","slug":"se-le-sale-la-rotula-se-la-colocan-en-pleno-juego","status":"publish","type":"post","link":"http:\/\/desarrollo.grupomedios.com\/futbol\/videos\/se-le-sale-la-rotula-se-la-colocan-en-pleno-juego\/2017\/03","title":{"rendered":"Se le sale la rotula y se la colocan en pleno juego"},"content":{"rendered":"<p>Se acaba de vivir una de las im\u00e1genes m\u00e1s fuertes en los \u00faltimos d\u00edas, pues <strong>Juan Carvajal<\/strong>, jugador de 17 a\u00f1os del Club de <strong>Muchachos Nueva Casarapa de Venezuela<\/strong> tuvo una aparatosa lesi\u00f3n durante su encuentro.<\/p>\n<p>El juvenil se disloc\u00f3 la rotula en una jugada dentro del terreno de juego, pero los elementos de seguridad actuaron de manera r\u00e1pida y se la colocaron en tan solo unos instantes. Sin duda una imagen impactante.<\/p>\n<p style=\"text-align: center;\"><a href=\"https:\/\/www.futboltotal.com.mx\/2017\/03\/bayern-munich-empieza-a-calentar-juego-ante-real-madrid\/\" target=\"_blank\">LEER M\u00c1S: Bayern M\u00fanich empieza a calentar el juego ante Real Madrid<\/a><\/p>\n<p><iframe loading=\"lazy\" src=\"https:\/\/www.youtube.com\/embed\/_ln9l3VshvU\" frameborder=\"0\" allowfullscreen=\"allowfullscreen\"><\/iframe><\/p>\n","protected":false},"excerpt":{"rendered":"<p>Un futbolista sufri\u00f3 una aparatosa lesi\u00f3n.<\/p>\n","protected":false},"author":20,"featured_media":470237,"comment_status":"closed","ping_status":"closed","sticky":false,"template":"","format":"standard","meta":[],"categories":[5419,3839,4,6433],"tags":[633],"_links":{"self":[{"href":"http:\/\/desarrollo.grupomedios.com\/futbol\/wp-json\/wp\/v2\/posts\/470233"}],"collection":[{"href":"http:\/\/desarrollo.grupomedios.com\/futbol\/wp-json\/wp\/v2\/posts"}],"about":[{"href":"http:\/\/desarrollo.grupomedios.com\/futbol\/wp-json\/wp\/v2\/types\/post"}],"author":[{"embeddable":true,"href":"http:\/\/desarrollo.grupomedios.com\/futbol\/wp-json\/wp\/v2\/users\/20"}],"replies":[{"embeddable":true,"href":"http:\/\/desarrollo.grupomedios.com\/futbol\/wp-json\/wp\/v2\/comments?post=470233"}],"version-history":[{"count":1,"href":"http:\/\/desarrollo.grupomedios.com\/futbol\/wp-json\/wp\/v2\/posts\/470233\/revisions"}],"predecessor-version":[{"id":470238,"href":"http:\/\/desarrollo.grupomedios.com\/futbol\/wp-json\/wp\/v2\/posts\/470233\/revisions\/470238"}],"wp:featuredmedia":[{"embeddable":true,"href":"http:\/\/desarrollo.grupomedios.com\/futbol\/wp-json\/wp\/v2\/media\/470237"}],"wp:attachment":[{"href":"http:\/\/desarrollo.grupomedios.com\/futbol\/wp-json\/wp\/v2\/media?parent=470233"}],"wp:term":[{"taxonomy":"category","embeddable":true,"href":"http:\/\/desarrollo.grupomedios.com\/futbol\/wp-json\/wp\/v2\/categories?post=470233"},{"taxonomy":"post_tag","embeddable":true,"href":"http:\/\/desarrollo.grupomedios.com\/futbol\/wp-json\/wp\/v2\/tags?post=470233"}],"curies":[{"name":"wp","href":"https:\/\/api.w.org\/{rel}","templated":true}]}}