{"id":470254,"date":"2017-03-23T17:46:17","date_gmt":"2017-03-23T23:46:17","guid":{"rendered":"https:\/\/www.futboltotal.com.mx\/?p=470254"},"modified":"2017-03-23T17:49:00","modified_gmt":"2017-03-23T23:49:00","slug":"azteca-ya-da-miedo-hernan-medford","status":"publish","type":"post","link":"http:\/\/desarrollo.grupomedios.com\/futbol\/futbol-internacional\/azteca-ya-da-miedo-hernan-medford\/2017\/03","title":{"rendered":"El Azteca ya no da miedo: Hern\u00e1n Medford"},"content":{"rendered":"<p>El delantero <strong>Hern\u00e1n Medford<\/strong> fue el autor del gol con el que Costa Rica triunf\u00f3 1-2 en la cancha del Estadio Azteca en el partido de eliminatorias rumbo al Mundial de Corea-Jap\u00f3n 2002.<\/p>\n<p>A casi m\u00e1s de 16 a\u00f1os del hist\u00f3rico triunfo, el ahora t\u00e9cnico del Herediano cont\u00f3 a <strong>Futbol Total<\/strong> los cambios que provoc\u00f3 aquel triunfo ante el Tri en la cancha del Coloso de Santa \u00darsula y asegur\u00f3 que ese partido termin\u00f3 con el miedo que los jugadores ticos ten\u00edan cuando enfrentaban a M\u00e9xico de visitantes.<\/p>\n<p style=\"text-align: center;\"><span style=\"color: #3366ff;\"><a style=\"color: #3366ff;\" href=\"https:\/\/www.futboltotal.com.mx\/2017\/03\/te-acuerdas-aztecazo-costa-rica\/\">LEER M\u00c1S: \u00bfTe acuerdas de\u2026? El Aztecazo de Costa Rica<\/a><\/span><\/p>\n<blockquote><p>&#8220;El Azteca ya no da miedo, con todo respeto. Antes ibas y sent\u00edas un poco de miedo con el escenario. Despu\u00e9s de ese partido dio confianza y ahora tenemos jugadores que juegan fuera y con experiencia, todo eso ha cambiado.<\/p>\n<p>&#8220;Yo espero a un Costa Rica sacando algo de M\u00e9xico. Creo que s\u00ed es posible hasta sacar un punto y con eso estar\u00edamos tranquilos. Es la base del Mundial de Brasil y hay mucha confianza en ese equipo&#8221;, explic\u00f3 <strong>Medford<\/strong>.<\/p><\/blockquote>\n<p>El ex director t\u00e9cnico de Costa Rica y Honduras no quiso hablar sobre un posible resultado del partido que disputar\u00e1n su selecci\u00f3n y el Tricolor este viernes en la cancha del estadio Azteca, aunque asegur\u00f3 que los locales ser\u00e1n los obligados a proponer el juego.<\/p>\n<p>&#8220;La Selecci\u00f3n de Costa Rica la veo bastante bien, no me gusta pronosticar porque es faltar al respeto. Esperaremos un buen partido, que gane el mejor aunque deseo que gane costa rica. Pero sabemos que vamos contra M\u00e9xico en el Azteca y que ellos est\u00e1n obligados a ganar para buscar el primer lugar&#8221;.<\/p>\n","protected":false},"excerpt":{"rendered":"<p>Medford fue el autor con el que Costa Rica venci\u00f3 a M\u00e9xico en el Aztecazo.<\/p>\n","protected":false},"author":129,"featured_media":470269,"comment_status":"closed","ping_status":"closed","sticky":false,"template":"","format":"standard","meta":[],"categories":[3839],"tags":[213,8384,65],"_links":{"self":[{"href":"http:\/\/desarrollo.grupomedios.com\/futbol\/wp-json\/wp\/v2\/posts\/470254"}],"collection":[{"href":"http:\/\/desarrollo.grupomedios.com\/futbol\/wp-json\/wp\/v2\/posts"}],"about":[{"href":"http:\/\/desarrollo.grupomedios.com\/futbol\/wp-json\/wp\/v2\/types\/post"}],"author":[{"embeddable":true,"href":"http:\/\/desarrollo.grupomedios.com\/futbol\/wp-json\/wp\/v2\/users\/129"}],"replies":[{"embeddable":true,"href":"http:\/\/desarrollo.grupomedios.com\/futbol\/wp-json\/wp\/v2\/comments?post=470254"}],"version-history":[{"count":2,"href":"http:\/\/desarrollo.grupomedios.com\/futbol\/wp-json\/wp\/v2\/posts\/470254\/revisions"}],"predecessor-version":[{"id":470272,"href":"http:\/\/desarrollo.grupomedios.com\/futbol\/wp-json\/wp\/v2\/posts\/470254\/revisions\/470272"}],"wp:featuredmedia":[{"embeddable":true,"href":"http:\/\/desarrollo.grupomedios.com\/futbol\/wp-json\/wp\/v2\/media\/470269"}],"wp:attachment":[{"href":"http:\/\/desarrollo.grupomedios.com\/futbol\/wp-json\/wp\/v2\/media?parent=470254"}],"wp:term":[{"taxonomy":"category","embeddable":true,"href":"http:\/\/desarrollo.grupomedios.com\/futbol\/wp-json\/wp\/v2\/categories?post=470254"},{"taxonomy":"post_tag","embeddable":true,"href":"http:\/\/desarrollo.grupomedios.com\/futbol\/wp-json\/wp\/v2\/tags?post=470254"}],"curies":[{"name":"wp","href":"https:\/\/api.w.org\/{rel}","templated":true}]}}