{"id":470311,"date":"2017-03-23T21:05:09","date_gmt":"2017-03-24T03:05:09","guid":{"rendered":"https:\/\/www.futboltotal.com.mx\/?p=470311"},"modified":"2017-03-23T21:05:09","modified_gmt":"2017-03-24T03:05:09","slug":"iniesta-comete-tremendo-error-al-publicar-hala-madrid","status":"publish","type":"post","link":"http:\/\/desarrollo.grupomedios.com\/futbol\/cambio-de-juego\/iniesta-comete-tremendo-error-al-publicar-hala-madrid\/2017\/03","title":{"rendered":"Iniesta comete tremendo error al publicar &#8220;Hala Madrid&#8221;"},"content":{"rendered":"<p>El mediocampista de<strong> Andr\u00e9s Iniesta<\/strong> tuvo un peque\u00f1o error en sus redes sociales, en donde se public\u00f3 una imagen de un jugador del <strong>Real Madrid<\/strong> de basquetbol y una leyenda en donde apoyaba al equipo <em>Merengue.<\/em><\/p>\n<p>En la imagen luce el basquebolista\u00a0Sergio Llull\u00a0con el mensaje: &#8220;Salimos para Atenas. Nos espera un partido duro en El Pireo pero s\u00f3lo vale la victoria&#8221;\u00a0 y el famoso &#8220;Hala Madrid&#8221;. Texto que fue muy criticado por sus seguidores.<\/p>\n<p><a href=\"https:\/\/www.futboltotal.com.mx\/wp-content\/uploads\/2017\/03\/tuit.jpg\"><img decoding=\"async\" loading=\"lazy\" class=\"alignnone size-full wp-image-470315\" src=\"https:\/\/www.futboltotal.com.mx\/wp-content\/uploads\/2017\/03\/tuit.jpg\" alt=\"Iniesta comete tremendo error al publicar &#8220;Hala Madrid&#8221; 0\" srcset=\"http:\/\/desarrollo.grupomedios.com\/futbol\/wp-content\/uploads\/2017\/03\/tuit.jpg 575w, http:\/\/desarrollo.grupomedios.com\/futbol\/wp-content\/uploads\/2017\/03\/tuit-252x300.jpg 252w\" sizes=\"(max-width: 575px) 100vw, 575px\" \/><\/a><\/p>\n<p>Sin embargo todo esto es un error de la agencia que maneja sus redes sociales, pues se confundieron de cuentas y publicaron en la del jugador del Barcelona. M\u00e1s tarde en Twitter, Andr\u00e9s sali\u00f3 a aclarar el tema.<\/p>\n<p>&nbsp;<\/p>\n<blockquote class=\"twitter-tweet\" data-lang=\"es\">\n<p dir=\"ltr\" lang=\"es\">Hola a todos! Siento este error en la inform\u00e1tica\/persona. Prefiero estar en Gij\u00f3n con la selecci\u00f3n que jugar a baloncesto. Un abrazo!<\/p>\n<p>\u2014 Andr\u00e9s Iniesta (@andresiniesta8) <a href=\"https:\/\/twitter.com\/andresiniesta8\/status\/844944906577727488\">23 de marzo de 2017<\/a><\/p><\/blockquote>\n<p><script async src=\"\/\/platform.twitter.com\/widgets.js\" charset=\"utf-8\"><\/script><\/p>\n","protected":false},"excerpt":{"rendered":"<p>El fantasmita tuvo un peque\u00f1o error en sus redes sociales. <\/p>\n","protected":false},"author":20,"featured_media":470317,"comment_status":"closed","ping_status":"closed","sticky":false,"template":"","format":"standard","meta":[],"categories":[5419,6433],"tags":[6052,5984,5988],"_links":{"self":[{"href":"http:\/\/desarrollo.grupomedios.com\/futbol\/wp-json\/wp\/v2\/posts\/470311"}],"collection":[{"href":"http:\/\/desarrollo.grupomedios.com\/futbol\/wp-json\/wp\/v2\/posts"}],"about":[{"href":"http:\/\/desarrollo.grupomedios.com\/futbol\/wp-json\/wp\/v2\/types\/post"}],"author":[{"embeddable":true,"href":"http:\/\/desarrollo.grupomedios.com\/futbol\/wp-json\/wp\/v2\/users\/20"}],"replies":[{"embeddable":true,"href":"http:\/\/desarrollo.grupomedios.com\/futbol\/wp-json\/wp\/v2\/comments?post=470311"}],"version-history":[{"count":1,"href":"http:\/\/desarrollo.grupomedios.com\/futbol\/wp-json\/wp\/v2\/posts\/470311\/revisions"}],"predecessor-version":[{"id":470318,"href":"http:\/\/desarrollo.grupomedios.com\/futbol\/wp-json\/wp\/v2\/posts\/470311\/revisions\/470318"}],"wp:featuredmedia":[{"embeddable":true,"href":"http:\/\/desarrollo.grupomedios.com\/futbol\/wp-json\/wp\/v2\/media\/470317"}],"wp:attachment":[{"href":"http:\/\/desarrollo.grupomedios.com\/futbol\/wp-json\/wp\/v2\/media?parent=470311"}],"wp:term":[{"taxonomy":"category","embeddable":true,"href":"http:\/\/desarrollo.grupomedios.com\/futbol\/wp-json\/wp\/v2\/categories?post=470311"},{"taxonomy":"post_tag","embeddable":true,"href":"http:\/\/desarrollo.grupomedios.com\/futbol\/wp-json\/wp\/v2\/tags?post=470311"}],"curies":[{"name":"wp","href":"https:\/\/api.w.org\/{rel}","templated":true}]}}