{"id":470348,"date":"2017-03-24T10:15:18","date_gmt":"2017-03-24T16:15:18","guid":{"rendered":"https:\/\/www.futboltotal.com.mx\/?p=470348"},"modified":"2017-03-24T10:15:18","modified_gmt":"2017-03-24T16:15:18","slug":"arma-11-inicial-del-tri-mexico-vs-costa-rica","status":"publish","type":"post","link":"http:\/\/desarrollo.grupomedios.com\/futbol\/destacado-home\/arma-11-inicial-del-tri-mexico-vs-costa-rica\/2017\/03","title":{"rendered":"\u00a1Arma el 11 inicial del Tri vs. Costa Rica!"},"content":{"rendered":"<p>La Selecci\u00f3n Mexicana enfrentar\u00e1 este viernes a Costa Rica en la cancha del estadio Azteca en busca de tres puntos m\u00e1s que acerquen al Tricolor a la Copa del Mundo de Rusia 2018.<\/p>\n<p>Pero para este encuentro, Juan Carlos Osorio no contar\u00e1 con dos de sus jugadores m\u00e1s desequilibrantes: Hirving Lozano y Jes\u00fas Manuel Corona. Adem\u00e1s en la parte del campo, las lesiones de Andr\u00e9s Guardado y Giovani Dos Santos hicieron que el colombiano tenga que modificar su parado.<\/p>\n<p>Es por ello que en Futbol Total queremos que nos ayudes y armes <strong>el 11 inicial del Tri contra Costa Rica<\/strong>. \u00a1Elige a tus favoritos!<\/p>\n<p style=\"text-align: center;\"><span style=\"color: #3366ff;\"><a style=\"color: #3366ff;\" href=\"https:\/\/www.futboltotal.com.mx\/2017\/03\/te-acuerdas-de-el-tri-que-goleo-a-costa-rica\/\">LEER M\u00c1S: Te acuerdas de\u2026? El Tri que gole\u00f3 a Costa Rica<\/a><\/span><\/p>\n<p><script type=\"text\/javascript\" src=\"\/\/cdn.playbuzz.com\/widget\/feed.js\"><\/script><\/p>\n<div class=\"pb_feed\" data-embed-by=\"d43f3879-83ed-40bc-99d7-fde80605466f\" data-item=\"7b52bb28-9a9e-46b0-8f46-80ca946a17ff\" data-recommend=\"false\" data-game-info=\"false\" data-comments=\"false\" data-shares=\"false\"><\/div>\n","protected":false},"excerpt":{"rendered":"<p>Ayuda a Juan Carlos Osorio a elegir a los mejores 11 que enfrenten a Costa Rica.<\/p>\n","protected":false},"author":20,"featured_media":425395,"comment_status":"closed","ping_status":"closed","sticky":false,"template":"","format":"standard","meta":[],"categories":[5,2198],"tags":[213,409],"_links":{"self":[{"href":"http:\/\/desarrollo.grupomedios.com\/futbol\/wp-json\/wp\/v2\/posts\/470348"}],"collection":[{"href":"http:\/\/desarrollo.grupomedios.com\/futbol\/wp-json\/wp\/v2\/posts"}],"about":[{"href":"http:\/\/desarrollo.grupomedios.com\/futbol\/wp-json\/wp\/v2\/types\/post"}],"author":[{"embeddable":true,"href":"http:\/\/desarrollo.grupomedios.com\/futbol\/wp-json\/wp\/v2\/users\/20"}],"replies":[{"embeddable":true,"href":"http:\/\/desarrollo.grupomedios.com\/futbol\/wp-json\/wp\/v2\/comments?post=470348"}],"version-history":[{"count":1,"href":"http:\/\/desarrollo.grupomedios.com\/futbol\/wp-json\/wp\/v2\/posts\/470348\/revisions"}],"predecessor-version":[{"id":470350,"href":"http:\/\/desarrollo.grupomedios.com\/futbol\/wp-json\/wp\/v2\/posts\/470348\/revisions\/470350"}],"wp:featuredmedia":[{"embeddable":true,"href":"http:\/\/desarrollo.grupomedios.com\/futbol\/wp-json\/wp\/v2\/media\/425395"}],"wp:attachment":[{"href":"http:\/\/desarrollo.grupomedios.com\/futbol\/wp-json\/wp\/v2\/media?parent=470348"}],"wp:term":[{"taxonomy":"category","embeddable":true,"href":"http:\/\/desarrollo.grupomedios.com\/futbol\/wp-json\/wp\/v2\/categories?post=470348"},{"taxonomy":"post_tag","embeddable":true,"href":"http:\/\/desarrollo.grupomedios.com\/futbol\/wp-json\/wp\/v2\/tags?post=470348"}],"curies":[{"name":"wp","href":"https:\/\/api.w.org\/{rel}","templated":true}]}}