{"id":470351,"date":"2017-03-24T12:48:15","date_gmt":"2017-03-24T18:48:15","guid":{"rendered":"https:\/\/www.futboltotal.com.mx\/?p=470351"},"modified":"2017-03-24T12:48:15","modified_gmt":"2017-03-24T18:48:15","slug":"televisora-tica-confundio-ruben-rodriguez-fox-con-mauricio-ymay-televisa","status":"publish","type":"post","link":"http:\/\/desarrollo.grupomedios.com\/futbol\/cambio-de-juego\/televisora-tica-confundio-ruben-rodriguez-fox-con-mauricio-ymay-televisa\/2017\/03","title":{"rendered":"Televisora tica confundi\u00f3 a reportero de Fox con uno de Televisa"},"content":{"rendered":"<p>Curioso episodio pas\u00f3 el reportero <strong>Rub\u00e9n Rodr\u00edguez<\/strong>, reportero de <strong>Fox Sports<\/strong>, quien fue entrevistado por una televisora de <strong>Costa Rica<\/strong> previo al partido entre la <strong>Selecci\u00f3n Mexicana<\/strong> y el equipo tico, pero al parecer lo buscaron pensando que era otro periodista.<\/p>\n<p>Al verse el nombre y medio que le asign\u00f3 la televisora <strong>Teletica Deportes<\/strong>\u00a0durante la entrevista, Rodr\u00edguez aparece con el nombre de <strong>Mauricio Ymay<\/strong> de <strong>Televisa<\/strong>, lo cual el colaborador de Fox Sports &#8216;reclam\u00f3&#8217; con humor.<\/p>\n<p>Rodr\u00edguez public\u00f3 en Twitter la frase &#8220;Aqu\u00ed les encargo @TeleticaTD7&#8221; junto con una cara molesta y otras de burla, adem\u00e1s de arrobar a Ymay.<\/p>\n<p>&nbsp;<\/p>\n<blockquote class=\"twitter-tweet\" data-lang=\"es\">\n<p dir=\"ltr\" lang=\"es\">Aqu\u00ed les encargo <a href=\"https:\/\/twitter.com\/TeleticaTD7\">@TeleticaTD7<\/a> &#x1f621;&#8230;&#x1f61c;&#x1f61c;&#x1f61c;<a href=\"https:\/\/twitter.com\/MauricioYmay\">@MauricioYmay<\/a> &#x1f648; <a href=\"https:\/\/t.co\/bkpfMmtZWl\">pic.twitter.com\/bkpfMmtZWl<\/a><\/p>\n<p>\u2014 &#x1f465;Rub\u00e9n Rodr\u00edguez (@ruubenrod) <a href=\"https:\/\/twitter.com\/ruubenrod\/status\/844978719886225408\">23 de marzo de 2017<\/a><\/p><\/blockquote>\n<p><script async src=\"\/\/platform.twitter.com\/widgets.js\" charset=\"utf-8\"><\/script><\/p>\n<p>&nbsp;<\/p>\n","protected":false},"excerpt":{"rendered":"<p>El reportero Rub\u00e9n Rodr\u00edguez de Fox Sports fue confundido con un colaborador de Televisa.<\/p>\n","protected":false},"author":20,"featured_media":470383,"comment_status":"closed","ping_status":"closed","sticky":false,"template":"","format":"standard","meta":[],"categories":[5419],"tags":[213,1490,8387,65,8386,4722,409],"_links":{"self":[{"href":"http:\/\/desarrollo.grupomedios.com\/futbol\/wp-json\/wp\/v2\/posts\/470351"}],"collection":[{"href":"http:\/\/desarrollo.grupomedios.com\/futbol\/wp-json\/wp\/v2\/posts"}],"about":[{"href":"http:\/\/desarrollo.grupomedios.com\/futbol\/wp-json\/wp\/v2\/types\/post"}],"author":[{"embeddable":true,"href":"http:\/\/desarrollo.grupomedios.com\/futbol\/wp-json\/wp\/v2\/users\/20"}],"replies":[{"embeddable":true,"href":"http:\/\/desarrollo.grupomedios.com\/futbol\/wp-json\/wp\/v2\/comments?post=470351"}],"version-history":[{"count":1,"href":"http:\/\/desarrollo.grupomedios.com\/futbol\/wp-json\/wp\/v2\/posts\/470351\/revisions"}],"predecessor-version":[{"id":470384,"href":"http:\/\/desarrollo.grupomedios.com\/futbol\/wp-json\/wp\/v2\/posts\/470351\/revisions\/470384"}],"wp:featuredmedia":[{"embeddable":true,"href":"http:\/\/desarrollo.grupomedios.com\/futbol\/wp-json\/wp\/v2\/media\/470383"}],"wp:attachment":[{"href":"http:\/\/desarrollo.grupomedios.com\/futbol\/wp-json\/wp\/v2\/media?parent=470351"}],"wp:term":[{"taxonomy":"category","embeddable":true,"href":"http:\/\/desarrollo.grupomedios.com\/futbol\/wp-json\/wp\/v2\/categories?post=470351"},{"taxonomy":"post_tag","embeddable":true,"href":"http:\/\/desarrollo.grupomedios.com\/futbol\/wp-json\/wp\/v2\/tags?post=470351"}],"curies":[{"name":"wp","href":"https:\/\/api.w.org\/{rel}","templated":true}]}}