{"id":470363,"date":"2017-03-24T12:00:33","date_gmt":"2017-03-24T18:00:33","guid":{"rendered":"https:\/\/www.futboltotal.com.mx\/?p=470363"},"modified":"2017-03-24T12:00:33","modified_gmt":"2017-03-24T18:00:33","slug":"jefe-prensa-costa-rica-discrimino-a-la-prensa-mexicana","status":"publish","type":"post","link":"http:\/\/desarrollo.grupomedios.com\/futbol\/futbol-mexicano\/jefe-prensa-costa-rica-discrimino-a-la-prensa-mexicana\/2017\/03","title":{"rendered":"Jefe de prensa de Costa Rica discrimin\u00f3 a los medios mexicanos"},"content":{"rendered":"<p>En su llegada la Ciudad de M\u00e9xico para su duelo de este viernes ante la Selecci\u00f3n Mexicana en el estadio Azteca, la Selecci\u00f3n de Costa Rica arrib\u00f3 con silencio al aeropuerto e incluso discriminaron a la prensa mexicana que los esperaba en su vuelo, pues el jefe de prensa de los Ticos no quiso avisar a los reporteros mexicanos que cubr\u00edan su llegada.<\/p>\n<blockquote class=\"twitter-tweet\" data-lang=\"en\">\n<p dir=\"ltr\" lang=\"es\">Lamentable lo del jefe de prensa de la Selecci\u00f3n Tica. Ahora se entiende su actitud en la conferencia a la que llegamos los &#8220;inc\u00f3modos&#8221; <a href=\"https:\/\/t.co\/RNlksODsFh\">pic.twitter.com\/RNlksODsFh<\/a><\/p>\n<p>\u2014 Ren\u00e9 Umanzor (@r_umanzor) <a href=\"https:\/\/twitter.com\/r_umanzor\/status\/845118486955225089\">March 24, 2017<\/a><\/p><\/blockquote>\n<p><script async src=\"\/\/platform.twitter.com\/widgets.js\" charset=\"utf-8\"><\/script><\/p>\n<p>El hecho se conoci\u00f3 luego de que se filtrara una conversaci\u00f3n de Whatsapp donde Cristian Williams, jefe de prensa de Costa Rica, pidi\u00f3 a los periodistas de su pa\u00eds que no avisaran a los medios mexicanos que no ir\u00edan al reconocimiento de la cancha del estadio Azteca, anunciando el nombre del hotel donde se hospedar\u00e1n.<\/p>\n<p style=\"text-align: center;\"><span style=\"color: #3366ff;\"><a style=\"color: #3366ff;\" href=\"https:\/\/www.futboltotal.com.mx\/2017\/03\/arma-11-inicial-del-tri-mexico-vs-costa-rica\/\">LEER M\u00c1S: \u00a1Arma el 11 inicial del Tri vs. Costa Rica!<\/a><\/span><\/p>\n<p>Adem\u00e1s de este penoso momento y ya cuando los periodistas por fin se enteraron d\u00f3nde ser\u00eda la conferencia, el mimso Williams amenaz\u00f3 con dar por terminada las preguntas con Celso Borges debido a que un reportero se acer\u00f3 &#8220;gateando&#8221; a colocar su grabador junto a los micr\u00f3fonos.<\/p>\n<blockquote class=\"twitter-tweet\" data-lang=\"en\">\n<p dir=\"ltr\" lang=\"es\">Y les digo que tra\u00eda mal Humor el jefe de prensa tico, porque despu\u00e9s de no querernos avisar de la confe, la quer\u00eda suspender. <a href=\"https:\/\/t.co\/yq54DdAgaT\">pic.twitter.com\/yq54DdAgaT<\/a><\/p>\n<p>\u2014 Alvaro Cruz (@ALVAROCRUZ29) <a href=\"https:\/\/twitter.com\/ALVAROCRUZ29\/status\/845116923276767233\">March 24, 2017<\/a><\/p><\/blockquote>\n<p><script async src=\"\/\/platform.twitter.com\/widgets.js\" charset=\"utf-8\"><\/script><\/p>\n","protected":false},"excerpt":{"rendered":"<p>Buscaron evitar a los medios mexicanos para la conferencia de prensa.<\/p>\n","protected":false},"author":20,"featured_media":470364,"comment_status":"closed","ping_status":"closed","sticky":false,"template":"","format":"standard","meta":[],"categories":[3839,2198],"tags":[213],"_links":{"self":[{"href":"http:\/\/desarrollo.grupomedios.com\/futbol\/wp-json\/wp\/v2\/posts\/470363"}],"collection":[{"href":"http:\/\/desarrollo.grupomedios.com\/futbol\/wp-json\/wp\/v2\/posts"}],"about":[{"href":"http:\/\/desarrollo.grupomedios.com\/futbol\/wp-json\/wp\/v2\/types\/post"}],"author":[{"embeddable":true,"href":"http:\/\/desarrollo.grupomedios.com\/futbol\/wp-json\/wp\/v2\/users\/20"}],"replies":[{"embeddable":true,"href":"http:\/\/desarrollo.grupomedios.com\/futbol\/wp-json\/wp\/v2\/comments?post=470363"}],"version-history":[{"count":1,"href":"http:\/\/desarrollo.grupomedios.com\/futbol\/wp-json\/wp\/v2\/posts\/470363\/revisions"}],"predecessor-version":[{"id":470365,"href":"http:\/\/desarrollo.grupomedios.com\/futbol\/wp-json\/wp\/v2\/posts\/470363\/revisions\/470365"}],"wp:featuredmedia":[{"embeddable":true,"href":"http:\/\/desarrollo.grupomedios.com\/futbol\/wp-json\/wp\/v2\/media\/470364"}],"wp:attachment":[{"href":"http:\/\/desarrollo.grupomedios.com\/futbol\/wp-json\/wp\/v2\/media?parent=470363"}],"wp:term":[{"taxonomy":"category","embeddable":true,"href":"http:\/\/desarrollo.grupomedios.com\/futbol\/wp-json\/wp\/v2\/categories?post=470363"},{"taxonomy":"post_tag","embeddable":true,"href":"http:\/\/desarrollo.grupomedios.com\/futbol\/wp-json\/wp\/v2\/tags?post=470363"}],"curies":[{"name":"wp","href":"https:\/\/api.w.org\/{rel}","templated":true}]}}