{"id":470532,"date":"2017-03-25T15:04:39","date_gmt":"2017-03-25T21:04:39","guid":{"rendered":"https:\/\/www.futboltotal.com.mx\/?p=470532"},"modified":"2017-03-25T16:19:55","modified_gmt":"2017-03-25T22:19:55","slug":"enorme-gesto-keylor-navas-nino-mexicano","status":"publish","type":"post","link":"http:\/\/desarrollo.grupomedios.com\/futbol\/futbol-internacional\/enorme-gesto-keylor-navas-nino-mexicano\/2017\/03","title":{"rendered":"El enorme gesto de Keylor Navas con un ni\u00f1o mexicano"},"content":{"rendered":"<p>Aunque no tuvo una de sus mejores noches en la derrota de Costa Rica ante M\u00e9xico, Keylor Navas tuvo un enorme gesto con un ni\u00f1o mexicano antes de regresar \u00a0a su pa\u00eds.<\/p>\n<p>Cuando sal\u00eda del hotel de concentraci\u00f3n, Keylor fue interceptado por un ni\u00f1o con capacidades diferentes que estaba en b\u00fasqueda de un aut\u00f3grafo. El arquero del Real Madrid no pas\u00f3 de largo y se qued\u00f3 con el infante para cumplir su sue\u00f1o.<\/p>\n<p style=\"text-align: center;\"><span style=\"color: #3366ff;\"><a style=\"color: #3366ff;\" href=\"https:\/\/www.futboltotal.com.mx\/2017\/03\/mexico-tendria-dos-importantes-bajas-duelo-ante-trinidad-tobago\/\">LEER M\u00c1S: M\u00e9xico tendr\u00e1 importantes bajas para duelo ante Trinidad y Tobago<\/a><\/span><\/p>\n<p><iframe loading=\"lazy\" src=\"https:\/\/www.youtube.com\/embed\/U_y2yzu33ZM?feature=oembed\" frameborder=\"0\" allowfullscreen><\/iframe><\/p>\n<p>Incluso el jugador de Costa Rica tambi\u00e9n se tom\u00f3 una fotograf\u00eda que fue compartida en Redes Sociales.<\/p>\n<p><a href=\"https:\/\/www.futboltotal.com.mx\/wp-content\/uploads\/2017\/03\/64101da2-0dab-4bf7-9ad2-b670fcf8d35a.jpg\"><img decoding=\"async\" loading=\"lazy\" class=\"alignnone size-full wp-image-470533\" src=\"https:\/\/www.futboltotal.com.mx\/wp-content\/uploads\/2017\/03\/64101da2-0dab-4bf7-9ad2-b670fcf8d35a.jpg\" alt=\"El enorme gesto de Keylor Navas con un ni\u00f1o mexicano 0\" srcset=\"http:\/\/desarrollo.grupomedios.com\/futbol\/wp-content\/uploads\/2017\/03\/64101da2-0dab-4bf7-9ad2-b670fcf8d35a.jpg 923w, http:\/\/desarrollo.grupomedios.com\/futbol\/wp-content\/uploads\/2017\/03\/64101da2-0dab-4bf7-9ad2-b670fcf8d35a-270x300.jpg 270w, http:\/\/desarrollo.grupomedios.com\/futbol\/wp-content\/uploads\/2017\/03\/64101da2-0dab-4bf7-9ad2-b670fcf8d35a-768x852.jpg 768w\" sizes=\"(max-width: 923px) 100vw, 923px\" \/><\/a><\/p>\n","protected":false},"excerpt":{"rendered":"<p>El portero del Real Madrid regal\u00f3 su camiseta a un ni\u00f1o mexicano.<\/p>\n","protected":false},"author":20,"featured_media":470534,"comment_status":"closed","ping_status":"closed","sticky":false,"template":"","format":"standard","meta":[],"categories":[3839],"tags":[213,5590],"_links":{"self":[{"href":"http:\/\/desarrollo.grupomedios.com\/futbol\/wp-json\/wp\/v2\/posts\/470532"}],"collection":[{"href":"http:\/\/desarrollo.grupomedios.com\/futbol\/wp-json\/wp\/v2\/posts"}],"about":[{"href":"http:\/\/desarrollo.grupomedios.com\/futbol\/wp-json\/wp\/v2\/types\/post"}],"author":[{"embeddable":true,"href":"http:\/\/desarrollo.grupomedios.com\/futbol\/wp-json\/wp\/v2\/users\/20"}],"replies":[{"embeddable":true,"href":"http:\/\/desarrollo.grupomedios.com\/futbol\/wp-json\/wp\/v2\/comments?post=470532"}],"version-history":[{"count":1,"href":"http:\/\/desarrollo.grupomedios.com\/futbol\/wp-json\/wp\/v2\/posts\/470532\/revisions"}],"predecessor-version":[{"id":470535,"href":"http:\/\/desarrollo.grupomedios.com\/futbol\/wp-json\/wp\/v2\/posts\/470532\/revisions\/470535"}],"wp:featuredmedia":[{"embeddable":true,"href":"http:\/\/desarrollo.grupomedios.com\/futbol\/wp-json\/wp\/v2\/media\/470534"}],"wp:attachment":[{"href":"http:\/\/desarrollo.grupomedios.com\/futbol\/wp-json\/wp\/v2\/media?parent=470532"}],"wp:term":[{"taxonomy":"category","embeddable":true,"href":"http:\/\/desarrollo.grupomedios.com\/futbol\/wp-json\/wp\/v2\/categories?post=470532"},{"taxonomy":"post_tag","embeddable":true,"href":"http:\/\/desarrollo.grupomedios.com\/futbol\/wp-json\/wp\/v2\/tags?post=470532"}],"curies":[{"name":"wp","href":"https:\/\/api.w.org\/{rel}","templated":true}]}}