{"id":470567,"date":"2017-03-25T18:48:02","date_gmt":"2017-03-26T00:48:02","guid":{"rendered":"https:\/\/www.futboltotal.com.mx\/?p=470567"},"modified":"2017-03-25T18:48:02","modified_gmt":"2017-03-26T00:48:02","slug":"coras-pierde-autobus-jugadores-toman-camion-redilas","status":"publish","type":"post","link":"http:\/\/desarrollo.grupomedios.com\/futbol\/futbol-mexicano\/coras-pierde-autobus-jugadores-toman-camion-redilas\/2017\/03","title":{"rendered":"\u00a1Coras pierde autob\u00fas y jugadores toman cami\u00f3n de redilas!"},"content":{"rendered":"<p>Tras ganar su partido de <strong>Ascenso MX<\/strong>, correspondiente a la jornada 14 del Clausura 2017, por 0-2 ante el Atlante, <strong>Coras<\/strong> tuvo un regreso a casa inusual y de cierta forma, divertido, pues a unas horas de llegar a Tepic, se descompuso el autob\u00fas que transportaba al plantel.<\/p>\n<p>Por ello, los jugadores de <strong>Coras<\/strong> tuvieron que pedir raid, situaci\u00f3n que lleg\u00f3 incluso a redes sociales pues Carlos Villanueva, comparti\u00f3 en su Instagram la necesidad de la plantilla nayarita.<\/p>\n<p style=\"text-align: center;\"><span style=\"color: #3366ff;\"><a style=\"color: #3366ff;\" href=\"https:\/\/www.futboltotal.com.mx\/2017\/03\/jose-antonio-garcia-yerno-alex-aguinaga\/\" target=\"_blank\"><strong>LEER M\u00c1S: Futbolista de los Pumas, se convierte en yerno de Alex Aguinaga<\/strong><\/a><\/span><\/p>\n<p style=\"text-align: center;\"><a href=\"https:\/\/www.futboltotal.com.mx\/wp-content\/uploads\/2017\/03\/carlos-villanueva-coras.jpg\"><img decoding=\"async\" loading=\"lazy\" class=\"alignnone size-full wp-image-470568\" src=\"https:\/\/www.futboltotal.com.mx\/wp-content\/uploads\/2017\/03\/carlos-villanueva-coras.jpg\" alt=\"\u00a1Coras pierde autob\u00fas y jugadores toman cami\u00f3n de redilas! 0\" srcset=\"http:\/\/desarrollo.grupomedios.com\/futbol\/wp-content\/uploads\/2017\/03\/carlos-villanueva-coras.jpg 1136w, http:\/\/desarrollo.grupomedios.com\/futbol\/wp-content\/uploads\/2017\/03\/carlos-villanueva-coras-300x169.jpg 300w, http:\/\/desarrollo.grupomedios.com\/futbol\/wp-content\/uploads\/2017\/03\/carlos-villanueva-coras-768x432.jpg 768w, http:\/\/desarrollo.grupomedios.com\/futbol\/wp-content\/uploads\/2017\/03\/carlos-villanueva-coras-1024x576.jpg 1024w, http:\/\/desarrollo.grupomedios.com\/futbol\/wp-content\/uploads\/2017\/03\/carlos-villanueva-coras-317x178.jpg 317w, http:\/\/desarrollo.grupomedios.com\/futbol\/wp-content\/uploads\/2017\/03\/carlos-villanueva-coras-535x301.jpg 535w, http:\/\/desarrollo.grupomedios.com\/futbol\/wp-content\/uploads\/2017\/03\/carlos-villanueva-coras-374x210.jpg 374w\" sizes=\"(max-width: 1136px) 100vw, 1136px\" \/><\/a><\/p>\n<p>&#8220;\u00cdbamos del aeropuerto de Guadalajara a Tepic y en la carretera se descompuso el <em>Corab\u00fas<\/em> (ya est\u00e1 medio a\u00f1ejo), entonces los que iban se bajaron a pedir rait y un cami\u00f3n de redilas se par\u00f3 para subirlos y gracias a Dios ya llegaron a Tepic&#8221;, explic\u00f3 un jugador de Coras a la cadena<em> ESPN<\/em>.<\/p>\n<p><strong>S\u00edguenos en Twitter<\/strong>: <a href=\"https:\/\/twitter.com\/MXFutbolTotal\" target=\"_blank\">@MXFutbolTotal<\/a><\/p>\n","protected":false},"excerpt":{"rendered":"<p>Se descompone el transporte del club de Ascenso, que deja a los futbolistas varados.<\/p>\n","protected":false},"author":20,"featured_media":470569,"comment_status":"closed","ping_status":"closed","sticky":false,"template":"","format":"standard","meta":[],"categories":[3843,5419,2198],"tags":[432,5513],"_links":{"self":[{"href":"http:\/\/desarrollo.grupomedios.com\/futbol\/wp-json\/wp\/v2\/posts\/470567"}],"collection":[{"href":"http:\/\/desarrollo.grupomedios.com\/futbol\/wp-json\/wp\/v2\/posts"}],"about":[{"href":"http:\/\/desarrollo.grupomedios.com\/futbol\/wp-json\/wp\/v2\/types\/post"}],"author":[{"embeddable":true,"href":"http:\/\/desarrollo.grupomedios.com\/futbol\/wp-json\/wp\/v2\/users\/20"}],"replies":[{"embeddable":true,"href":"http:\/\/desarrollo.grupomedios.com\/futbol\/wp-json\/wp\/v2\/comments?post=470567"}],"version-history":[{"count":1,"href":"http:\/\/desarrollo.grupomedios.com\/futbol\/wp-json\/wp\/v2\/posts\/470567\/revisions"}],"predecessor-version":[{"id":470570,"href":"http:\/\/desarrollo.grupomedios.com\/futbol\/wp-json\/wp\/v2\/posts\/470567\/revisions\/470570"}],"wp:featuredmedia":[{"embeddable":true,"href":"http:\/\/desarrollo.grupomedios.com\/futbol\/wp-json\/wp\/v2\/media\/470569"}],"wp:attachment":[{"href":"http:\/\/desarrollo.grupomedios.com\/futbol\/wp-json\/wp\/v2\/media?parent=470567"}],"wp:term":[{"taxonomy":"category","embeddable":true,"href":"http:\/\/desarrollo.grupomedios.com\/futbol\/wp-json\/wp\/v2\/categories?post=470567"},{"taxonomy":"post_tag","embeddable":true,"href":"http:\/\/desarrollo.grupomedios.com\/futbol\/wp-json\/wp\/v2\/tags?post=470567"}],"curies":[{"name":"wp","href":"https:\/\/api.w.org\/{rel}","templated":true}]}}