{"id":470574,"date":"2017-03-25T19:46:23","date_gmt":"2017-03-26T01:46:23","guid":{"rendered":"https:\/\/www.futboltotal.com.mx\/?p=470574"},"modified":"2017-03-25T19:46:23","modified_gmt":"2017-03-26T01:46:23","slug":"inician-demolicion-ex-estadio-del-leon-sin-permiso","status":"publish","type":"post","link":"http:\/\/desarrollo.grupomedios.com\/futbol\/futbol-mexicano\/inician-demolicion-ex-estadio-del-leon-sin-permiso\/2017\/03","title":{"rendered":"\u00a1Inician demolici\u00f3n de ex estadio del Le\u00f3n\u2026 Sin permiso!"},"content":{"rendered":"<p>A media semana, comenzaron los desalojos en el estadio <strong>La Martinica<\/strong>, inmueble que fue sede de Uni\u00f3n de Curtidores y del <strong>Le\u00f3n<\/strong>, durante los primeros a\u00f1os de historia de ambas escuadras. El estadio iba a ser demolido por la empresa Iuxta SA de CV, empresa de la familia de Vicente Fox Quesada.<\/p>\n<p>Las autoridades de <strong>Le\u00f3n<\/strong>, Guanajuato clausuraron el proceso de demolici\u00f3n de <strong>La Martinica<\/strong>, debido a que Iuxta SA de CV aparentemente no ten\u00eda los permisos para llevar a cabo la acci\u00f3n; sin embargo, los familiares de Vicente Fox rompieron las cintas que prohib\u00edan el desplome, para continuar con sus pretensiones con el hist\u00f3rico inmueble.<\/p>\n<p>Al respecto, los ciudadanos de la comunidad donde est\u00e1 ubicada <strong>La Martinica<\/strong>, se\u00f1alaron que tomar\u00e1n medidas en contra de la familia del ex presidente de M\u00e9xico, por realizar la demolici\u00f3n sin los permisos correspondientes. En este inmueble, la <em>Fiera<\/em> gan\u00f3 sus primeros cuatro t\u00edtulos.<\/p>\n<p style=\"text-align: center;\"><span style=\"color: #3366ff;\"><a style=\"color: #3366ff;\" href=\"https:\/\/www.futboltotal.com.mx\/2017\/03\/ecuador-manda-a-fidel-martinez-vuelta-a-atlas\/\" target=\"_blank\"><strong>LEER M\u00c1S: Fidel Mart\u00ednez causa baja de su selecci\u00f3n<\/strong><\/a><\/span><\/p>\n<blockquote class=\"twitter-tweet\" data-lang=\"es\">\n<p dir=\"ltr\" lang=\"es\">Familiares de Vicente Fox, socios de empresa due\u00f1a de La Martinica que viol\u00f3 sellos para demoler <a href=\"https:\/\/t.co\/DQfZDSkhDC\">https:\/\/t.co\/DQfZDSkhDC<\/a> <a href=\"https:\/\/t.co\/qDcC0E65zF\">pic.twitter.com\/qDcC0E65zF<\/a><\/p>\n<p>\u2014 Noticias #Le\u00f3n #Gto (@ZonaFrancaMX) <a href=\"https:\/\/twitter.com\/ZonaFrancaMX\/status\/845672218193547264\">25 de marzo de 2017<\/a><\/p><\/blockquote>\n<p><script async src=\"\/\/platform.twitter.com\/widgets.js\" charset=\"utf-8\"><\/script><\/p>\n<p><strong>S\u00edguenos en Twitter:<\/strong> <a href=\"https:\/\/twitter.com\/MXFutbolTotal\" target=\"_blank\">@MXFutbolTotal<\/a><\/p>\n","protected":false},"excerpt":{"rendered":"<p>Familia de ex presidente de M\u00e9xico, responsable de la ca\u00edda de La Martinica.<\/p>\n","protected":false},"author":20,"featured_media":470575,"comment_status":"closed","ping_status":"closed","sticky":false,"template":"","format":"standard","meta":[],"categories":[5419,2198,3845],"tags":[5965],"_links":{"self":[{"href":"http:\/\/desarrollo.grupomedios.com\/futbol\/wp-json\/wp\/v2\/posts\/470574"}],"collection":[{"href":"http:\/\/desarrollo.grupomedios.com\/futbol\/wp-json\/wp\/v2\/posts"}],"about":[{"href":"http:\/\/desarrollo.grupomedios.com\/futbol\/wp-json\/wp\/v2\/types\/post"}],"author":[{"embeddable":true,"href":"http:\/\/desarrollo.grupomedios.com\/futbol\/wp-json\/wp\/v2\/users\/20"}],"replies":[{"embeddable":true,"href":"http:\/\/desarrollo.grupomedios.com\/futbol\/wp-json\/wp\/v2\/comments?post=470574"}],"version-history":[{"count":2,"href":"http:\/\/desarrollo.grupomedios.com\/futbol\/wp-json\/wp\/v2\/posts\/470574\/revisions"}],"predecessor-version":[{"id":470577,"href":"http:\/\/desarrollo.grupomedios.com\/futbol\/wp-json\/wp\/v2\/posts\/470574\/revisions\/470577"}],"wp:featuredmedia":[{"embeddable":true,"href":"http:\/\/desarrollo.grupomedios.com\/futbol\/wp-json\/wp\/v2\/media\/470575"}],"wp:attachment":[{"href":"http:\/\/desarrollo.grupomedios.com\/futbol\/wp-json\/wp\/v2\/media?parent=470574"}],"wp:term":[{"taxonomy":"category","embeddable":true,"href":"http:\/\/desarrollo.grupomedios.com\/futbol\/wp-json\/wp\/v2\/categories?post=470574"},{"taxonomy":"post_tag","embeddable":true,"href":"http:\/\/desarrollo.grupomedios.com\/futbol\/wp-json\/wp\/v2\/tags?post=470574"}],"curies":[{"name":"wp","href":"https:\/\/api.w.org\/{rel}","templated":true}]}}