{"id":470608,"date":"2017-03-26T10:12:27","date_gmt":"2017-03-26T16:12:27","guid":{"rendered":"https:\/\/www.futboltotal.com.mx\/?p=470608"},"modified":"2017-03-26T10:14:20","modified_gmt":"2017-03-26T16:14:20","slug":"chicharito-debutante-ante-trinidad-tobago","status":"publish","type":"post","link":"http:\/\/desarrollo.grupomedios.com\/futbol\/destacado-home\/chicharito-debutante-ante-trinidad-tobago\/2017\/03","title":{"rendered":"Chicharito, un &#8216;debutante&#8217; ante Trinidad y Tobago"},"content":{"rendered":"<p>Despu\u00e9s de haber igualado <a href=\"https:\/\/www.futboltotal.com.mx\/2017\/03\/chicharito-supera-a-borguetti-y-se-convierte-en-maximo-goleador-de-la-seleccion-mexicana\/\">la marca de 46 goles de Jared Borgetti y de compartir el sitio de m\u00e1ximo anotador de la Selecci\u00f3n Mexicana<\/a>, Javier <strong>Chicharito<\/strong> Hern\u00e1ndez busca un gol in\u00e9dito en su andadura como <em>romperredes<\/em> del <em>Tri:\u00a0<\/em>el primero a la selecci\u00f3n de Trinidad y T\u00f3bago.<\/p>\n<p>Y es que el mexicano protagoniza una extra\u00f1a paradoja. Desde su debut en 2009 ha disputado un total de 89 partidos con la camiseta verde, pero hasta ahora ninguno de ellos ha sido contra el cuadro trinitario.<\/p>\n<p style=\"text-align: center;\"><a href=\"https:\/\/www.futboltotal.com.mx\/futbol-mexicano\/seleccion-mexicana\/\"><span style=\"color: #3366ff;\">VER M\u00c1S: Todas las noticias de Selecci\u00f3n Mexicana<\/span><\/a><\/p>\n<p style=\"text-align: left;\">Aunque<strong>\u00a0Chicharito<\/strong> estuvo en la Selecci\u00f3n que tuvo como director t\u00e9cnico interino a Ricardo Ferretti, quien dirigi\u00f3 cuatro partidos a los<em> Verdes<\/em>\u00a0hace casi dos a\u00f1os tras la destituci\u00f3n de Miguel Herrera, no tuvo minutos en el primer duelo amistoso del 4 de septiembre de 2015 ante Trinidad y Tobago.<\/p>\n<p style=\"text-align: left;\">El <em>Tuca<\/em>\u00a0prob\u00f3 con Carlos Vela y Ra\u00fal Jim\u00e9nez en el ataque y descans\u00f3 a <em>CH14<\/em> debido a que en el siguiente partido el rival fue Argentina, mismo al que el ariete del Bayer Leverkusen anot\u00f3 gol en el empate 2-2.<\/p>\n<p style=\"text-align: left;\"><strong>Chicharito\u00a0<\/strong>ha enfrentado a 29 selecciones diferentes, 16 de ellas han sido de Am\u00e9rica, 8 europeas, un par de africanas, otras 2 asi\u00e1ticas y una de Ocean\u00eda. El pr\u00f3ximo martes puede sumar un rival a su cuenta y, por supuesto, una v\u00edctima marc\u00e1ndole lo que ser\u00eda su gol n\u00famero 8 en eliminatorias mundialistas.<\/p>\n<p style=\"text-align: left;\">Eso s\u00ed, habr\u00e1 que esperar si el entrenador Juan Carlos Osorio decide darle minutos, tomando en cuenta que el partido ante Costa Rica sali\u00f3 tocado y lo que menos quiere es arriesgar al mexicano.<\/p>\n<p style=\"text-align: left;\">De cualquier forma,\u00a0<strong>Hern\u00e1ndez <\/strong>volver\u00e1 a sumar minutos con el <em>Tricolor<\/em> y llegar\u00e1 a su cita con la historia para por fin poder destronar el r\u00e9cord de <strong>Jared Borgetti\u00a0<\/strong>y erigirse en solitario como m\u00e1ximo goleador de la Selecci\u00f3n Mexicana.<\/p>\n<p style=\"text-align: left;\">S\u00edguenos en Twitter: <a href=\"https:\/\/twitter.com\/MXFutbolTotal\" target=\"_blank\">@MXFutbolTotal<\/a><\/p>\n<p style=\"text-align: left;\">\n","protected":false},"excerpt":{"rendered":"<p>CH14 ha enfrentado a 29 selecciones diferentes; busca un gol in\u00e9dito ante Trinidad y Tobago.<\/p>\n","protected":false},"author":20,"featured_media":470612,"comment_status":"closed","ping_status":"closed","sticky":false,"template":"","format":"standard","meta":[],"categories":[5,3847],"tags":[549],"_links":{"self":[{"href":"http:\/\/desarrollo.grupomedios.com\/futbol\/wp-json\/wp\/v2\/posts\/470608"}],"collection":[{"href":"http:\/\/desarrollo.grupomedios.com\/futbol\/wp-json\/wp\/v2\/posts"}],"about":[{"href":"http:\/\/desarrollo.grupomedios.com\/futbol\/wp-json\/wp\/v2\/types\/post"}],"author":[{"embeddable":true,"href":"http:\/\/desarrollo.grupomedios.com\/futbol\/wp-json\/wp\/v2\/users\/20"}],"replies":[{"embeddable":true,"href":"http:\/\/desarrollo.grupomedios.com\/futbol\/wp-json\/wp\/v2\/comments?post=470608"}],"version-history":[{"count":1,"href":"http:\/\/desarrollo.grupomedios.com\/futbol\/wp-json\/wp\/v2\/posts\/470608\/revisions"}],"predecessor-version":[{"id":470610,"href":"http:\/\/desarrollo.grupomedios.com\/futbol\/wp-json\/wp\/v2\/posts\/470608\/revisions\/470610"}],"wp:featuredmedia":[{"embeddable":true,"href":"http:\/\/desarrollo.grupomedios.com\/futbol\/wp-json\/wp\/v2\/media\/470612"}],"wp:attachment":[{"href":"http:\/\/desarrollo.grupomedios.com\/futbol\/wp-json\/wp\/v2\/media?parent=470608"}],"wp:term":[{"taxonomy":"category","embeddable":true,"href":"http:\/\/desarrollo.grupomedios.com\/futbol\/wp-json\/wp\/v2\/categories?post=470608"},{"taxonomy":"post_tag","embeddable":true,"href":"http:\/\/desarrollo.grupomedios.com\/futbol\/wp-json\/wp\/v2\/tags?post=470608"}],"curies":[{"name":"wp","href":"https:\/\/api.w.org\/{rel}","templated":true}]}}