{"id":470613,"date":"2017-03-26T10:49:16","date_gmt":"2017-03-26T16:49:16","guid":{"rendered":"https:\/\/www.futboltotal.com.mx\/?p=470613"},"modified":"2017-03-26T10:53:31","modified_gmt":"2017-03-26T16:53:31","slug":"policia-multa-a-alexis-sanchez-en-chile","status":"publish","type":"post","link":"http:\/\/desarrollo.grupomedios.com\/futbol\/futbol-internacional\/policia-multa-a-alexis-sanchez-en-chile\/2017\/03","title":{"rendered":"Alexis S\u00e1nchez, multado por conducir a exceso de velocidad"},"content":{"rendered":"<p>El futbolista chileno <strong>Alexis S\u00e1nchez<\/strong> fue multado por la Polic\u00eda por conducir a 155 kil\u00f3metros por hora en Santiago.<\/p>\n<p>El delantero del Arsenal ingl\u00e9s fue sorprendido a exceso de velocidad por agentes de Carabineros en el sur de la capital chilena, en una autopista donde se puede circular como m\u00e1ximo a 120 kil\u00f3metros por hora.<\/p>\n<p style=\"text-align: center;\"><a href=\"https:\/\/www.futboltotal.com.mx\/futbol-internacional\/\"><span style=\"color: #3366ff;\">VER M\u00c1S: Todas las noticias de futbol internacional\u00a0<\/span><\/a><\/p>\n<p>La infracci\u00f3n ocurri\u00f3 el s\u00e1bado por la tarde, despu\u00e9s del entrenamiento de la selecci\u00f3n de cara al partido del pr\u00f3ximo martes ante Venezuela.<\/p>\n<p>En internet circul\u00f3 una fotograf\u00eda de la multa, aparentemente difundida por los agentes que cursaron la infracci\u00f3n.<\/p>\n<p>Los carabineros le retiraron la licencia de conducir y Alexis fue citado a comparecer en el Juzgado de Polic\u00eda Local de Buin, al sur de Santiago, el 12 de abril.<\/p>\n<p>S\u00edguenos en Twitter: <a href=\"https:\/\/twitter.com\/MXFutbolTotal\" target=\"_blank\">@MXFutbolTotal<\/a><\/p>\n","protected":false},"excerpt":{"rendered":"<p>El delantero chileno viol\u00f3 el reglamento y fue detenido en Chile. <\/p>\n","protected":false},"author":20,"featured_media":470614,"comment_status":"closed","ping_status":"closed","sticky":false,"template":"","format":"standard","meta":[],"categories":[3839],"tags":[6053],"_links":{"self":[{"href":"http:\/\/desarrollo.grupomedios.com\/futbol\/wp-json\/wp\/v2\/posts\/470613"}],"collection":[{"href":"http:\/\/desarrollo.grupomedios.com\/futbol\/wp-json\/wp\/v2\/posts"}],"about":[{"href":"http:\/\/desarrollo.grupomedios.com\/futbol\/wp-json\/wp\/v2\/types\/post"}],"author":[{"embeddable":true,"href":"http:\/\/desarrollo.grupomedios.com\/futbol\/wp-json\/wp\/v2\/users\/20"}],"replies":[{"embeddable":true,"href":"http:\/\/desarrollo.grupomedios.com\/futbol\/wp-json\/wp\/v2\/comments?post=470613"}],"version-history":[{"count":2,"href":"http:\/\/desarrollo.grupomedios.com\/futbol\/wp-json\/wp\/v2\/posts\/470613\/revisions"}],"predecessor-version":[{"id":470616,"href":"http:\/\/desarrollo.grupomedios.com\/futbol\/wp-json\/wp\/v2\/posts\/470613\/revisions\/470616"}],"wp:featuredmedia":[{"embeddable":true,"href":"http:\/\/desarrollo.grupomedios.com\/futbol\/wp-json\/wp\/v2\/media\/470614"}],"wp:attachment":[{"href":"http:\/\/desarrollo.grupomedios.com\/futbol\/wp-json\/wp\/v2\/media?parent=470613"}],"wp:term":[{"taxonomy":"category","embeddable":true,"href":"http:\/\/desarrollo.grupomedios.com\/futbol\/wp-json\/wp\/v2\/categories?post=470613"},{"taxonomy":"post_tag","embeddable":true,"href":"http:\/\/desarrollo.grupomedios.com\/futbol\/wp-json\/wp\/v2\/tags?post=470613"}],"curies":[{"name":"wp","href":"https:\/\/api.w.org\/{rel}","templated":true}]}}