{"id":470617,"date":"2017-03-26T15:49:44","date_gmt":"2017-03-26T21:49:44","guid":{"rendered":"https:\/\/www.futboltotal.com.mx\/?p=470617"},"modified":"2017-03-26T15:50:17","modified_gmt":"2017-03-26T21:50:17","slug":"asi-le-ha-ido-a-mexico-ante-trinidad-y-tobago","status":"publish","type":"post","link":"http:\/\/desarrollo.grupomedios.com\/futbol\/destacado-home\/asi-le-ha-ido-a-mexico-ante-trinidad-y-tobago\/2017\/03","title":{"rendered":"As\u00ed le ha ido al Tri contra Trinidad y Tobago&#8230;"},"content":{"rendered":"<p>La \u00faltima victoria de <span style=\"color: #339966;\"><strong>M\u00e9xico<\/strong> <\/span>en una<span style=\"text-decoration: underline;\"><span style=\"color: #800000; text-decoration: underline;\"> eliminatoria mundialista<\/span> <\/span>visitando a Trinidad y Tobago ya huele a viejo. Ocurri\u00f3 el 8 de septiembre de 2004, cuando el <em>Tricolor<\/em>\u00a0era dirigido por Ricardo Antonio La Volpe y todav\u00eda jugaba el aun m\u00e1ximo goleador de la selecci\u00f3n, Jared Borgetti, quien aquella tarde sentenci\u00f3 el 1-3 en el que tambi\u00e9n consigui\u00f3 un doblete Jes\u00fas <em>Cabrito<\/em> Arellano.<\/p>\n<p>Desde entonces, el <em>Tri\u00a0<\/em>ha visitado en dos\u00a0ocasiones a los trinitarios y no ha ganado. En su \u00faltima visita -cuando ya ten\u00eda el boleto en mano a Sud\u00e1frica 2010- empat\u00f3 2-2 en el Hexagonal Final de 2009. Y, previamente, rumbo a Alemania 2006, sufrieron otro descalabro 2-1 el 12 de octubre de 2005 cuando eran dirigidos por el <em>Bigot\u00f3n.<\/em><\/p>\n<p>Tras la ultima derrota en suelo trinitario, la selecci\u00f3n mexicana ha enfrentado en cinco ocasiones a su pr\u00f3ximo rival y, aunque no ha perdido, ha sufrido en para vencerlo con holgura. Por ello en Futbol Total recordamos estos enfrentamientos y te los dejamos para que los revivas.<\/p>\n<p>\u00bfCu\u00e1l es tu pron\u00f3stico para el partido del pr\u00f3ximo partes entre Trinidad y Tobago vs <span style=\"color: #339966;\"><strong>M\u00e9xico<\/strong><\/span>?<\/p>\n<p style=\"text-align: center;\"><a href=\"https:\/\/www.futboltotal.com.mx\/2017\/03\/chicharito-debutante-ante-trinidad-tobago\/\">VER M\u00c1S: Chicharito &#8216;debutante&#8217; ante Trinidad y Tobago<\/a><\/p>\n<p><script type=\"text\/javascript\" src=\"\/\/cdn.playbuzz.com\/widget\/feed.js\"><\/script><\/p>\n<div class=\"pb_feed\" data-embed-by=\"d43f3879-83ed-40bc-99d7-fde80605466f\" data-item=\"09e24c90-4ac0-4479-8165-8813fe71b67d\" data-recommend=\"false\" data-game-info=\"false\" ><\/div>\n","protected":false},"excerpt":{"rendered":"<p>As\u00ed le ha ido a M\u00e9xico en sus \u00faltimos partidos contra los trinitarios; no gana de visita desde 2004.<\/p>\n","protected":false},"author":20,"featured_media":470630,"comment_status":"closed","ping_status":"closed","sticky":false,"template":"","format":"standard","meta":[],"categories":[5,3847],"tags":[1084],"_links":{"self":[{"href":"http:\/\/desarrollo.grupomedios.com\/futbol\/wp-json\/wp\/v2\/posts\/470617"}],"collection":[{"href":"http:\/\/desarrollo.grupomedios.com\/futbol\/wp-json\/wp\/v2\/posts"}],"about":[{"href":"http:\/\/desarrollo.grupomedios.com\/futbol\/wp-json\/wp\/v2\/types\/post"}],"author":[{"embeddable":true,"href":"http:\/\/desarrollo.grupomedios.com\/futbol\/wp-json\/wp\/v2\/users\/20"}],"replies":[{"embeddable":true,"href":"http:\/\/desarrollo.grupomedios.com\/futbol\/wp-json\/wp\/v2\/comments?post=470617"}],"version-history":[{"count":4,"href":"http:\/\/desarrollo.grupomedios.com\/futbol\/wp-json\/wp\/v2\/posts\/470617\/revisions"}],"predecessor-version":[{"id":470633,"href":"http:\/\/desarrollo.grupomedios.com\/futbol\/wp-json\/wp\/v2\/posts\/470617\/revisions\/470633"}],"wp:featuredmedia":[{"embeddable":true,"href":"http:\/\/desarrollo.grupomedios.com\/futbol\/wp-json\/wp\/v2\/media\/470630"}],"wp:attachment":[{"href":"http:\/\/desarrollo.grupomedios.com\/futbol\/wp-json\/wp\/v2\/media?parent=470617"}],"wp:term":[{"taxonomy":"category","embeddable":true,"href":"http:\/\/desarrollo.grupomedios.com\/futbol\/wp-json\/wp\/v2\/categories?post=470617"},{"taxonomy":"post_tag","embeddable":true,"href":"http:\/\/desarrollo.grupomedios.com\/futbol\/wp-json\/wp\/v2\/tags?post=470617"}],"curies":[{"name":"wp","href":"https:\/\/api.w.org\/{rel}","templated":true}]}}