{"id":470619,"date":"2017-03-26T11:20:37","date_gmt":"2017-03-26T17:20:37","guid":{"rendered":"https:\/\/www.futboltotal.com.mx\/?p=470619"},"modified":"2017-03-26T11:20:37","modified_gmt":"2017-03-26T17:20:37","slug":"acusan-a-bale-de-querer-lesionar-a-un-rival","status":"publish","type":"post","link":"http:\/\/desarrollo.grupomedios.com\/futbol\/futbol-internacional\/acusan-a-bale-de-querer-lesionar-a-un-rival\/2017\/03","title":{"rendered":"Acusan a Bale de querer lesionar a un rival"},"content":{"rendered":"<p>El partido de eliminatoria mundialista rumbo a Rusia 2018 entre Gal\u00e9s e Irlanda no acab\u00f3 de la mejor forma para el delantero del Real Madrid, <strong>Gareth Bale<\/strong>, quien fue se\u00f1alado por intentar lesionar al defensa\u00a0<strong>John O\u2019Shea<\/strong>.<\/p>\n<p>Y fue el propio zaguero el que asegur\u00f3 que el gal\u00e9s intent\u00f3 lastimarlo con una dura entrada en la que entr\u00f3 con fuerza desmedida y con los tachones por delante.<\/p>\n<p style=\"text-align: center;\"><a href=\"https:\/\/www.futboltotal.com.mx\/futbol-internacional\/\"><span style=\"color: #3366ff;\">VER M\u00c1S: Todas las noticias de futbol internacional\u00a0<\/span><\/a><\/p>\n<blockquote><p>&#8220;No tengo problemas con entradas duras, pero cuando est\u00e1n fuera de tiempo es historia diferente. S\u00ed, yo estaba un poco molesto cuando revis\u00e9 la acci\u00f3n&#8221;, declar\u00f3 el<strong> O&#8217;Shea<\/strong>.<\/p>\n<p>&#8220;En otra situaci\u00f3n habr\u00eda sido tarjeta roja. En un derbi se esperan disputas duras al bal\u00f3n, pero siempre con sensatez&#8221;, agreg\u00f3 el zaguero en declaraciones publicadas por el diario portugu\u00e9s <em>Record.<\/em><\/p><\/blockquote>\n<p>O&#8217;Shea afirm\u00f3 que &#8220;fue una cuesti\u00f3n de suerte teniendo en cuenta lo que le pas\u00f3 a Seamus Coleman&#8221;, quien sufri\u00f3 una entrada de c\u00e1rcel de Neil Taylor -expulsado- y acab\u00f3 con la pierna partida en una escalofriante fractura.<\/p>\n<p>S\u00edguenos en Twitter: <a href=\"https:\/\/twitter.com\/MXFutbolTotal\" target=\"_blank\">@MXFutbolTotal<\/a><\/p>\n<p>&nbsp;<\/p>\n","protected":false},"excerpt":{"rendered":"<p>El delantero fue se\u00f1alado despu\u00e9s de haber cometido una entrada de c\u00e1rcel.<\/p>\n","protected":false},"author":20,"featured_media":470620,"comment_status":"closed","ping_status":"closed","sticky":false,"template":"","format":"standard","meta":[],"categories":[3839],"tags":[1899,6043],"_links":{"self":[{"href":"http:\/\/desarrollo.grupomedios.com\/futbol\/wp-json\/wp\/v2\/posts\/470619"}],"collection":[{"href":"http:\/\/desarrollo.grupomedios.com\/futbol\/wp-json\/wp\/v2\/posts"}],"about":[{"href":"http:\/\/desarrollo.grupomedios.com\/futbol\/wp-json\/wp\/v2\/types\/post"}],"author":[{"embeddable":true,"href":"http:\/\/desarrollo.grupomedios.com\/futbol\/wp-json\/wp\/v2\/users\/20"}],"replies":[{"embeddable":true,"href":"http:\/\/desarrollo.grupomedios.com\/futbol\/wp-json\/wp\/v2\/comments?post=470619"}],"version-history":[{"count":1,"href":"http:\/\/desarrollo.grupomedios.com\/futbol\/wp-json\/wp\/v2\/posts\/470619\/revisions"}],"predecessor-version":[{"id":470621,"href":"http:\/\/desarrollo.grupomedios.com\/futbol\/wp-json\/wp\/v2\/posts\/470619\/revisions\/470621"}],"wp:featuredmedia":[{"embeddable":true,"href":"http:\/\/desarrollo.grupomedios.com\/futbol\/wp-json\/wp\/v2\/media\/470620"}],"wp:attachment":[{"href":"http:\/\/desarrollo.grupomedios.com\/futbol\/wp-json\/wp\/v2\/media?parent=470619"}],"wp:term":[{"taxonomy":"category","embeddable":true,"href":"http:\/\/desarrollo.grupomedios.com\/futbol\/wp-json\/wp\/v2\/categories?post=470619"},{"taxonomy":"post_tag","embeddable":true,"href":"http:\/\/desarrollo.grupomedios.com\/futbol\/wp-json\/wp\/v2\/tags?post=470619"}],"curies":[{"name":"wp","href":"https:\/\/api.w.org\/{rel}","templated":true}]}}