{"id":470642,"date":"2017-03-26T15:19:39","date_gmt":"2017-03-26T21:19:39","guid":{"rendered":"https:\/\/www.futboltotal.com.mx\/?p=470642"},"modified":"2017-03-26T15:49:50","modified_gmt":"2017-03-26T21:49:50","slug":"holanda-se-queda-sin-director-tecnico","status":"publish","type":"post","link":"http:\/\/desarrollo.grupomedios.com\/futbol\/futbol-internacional\/holanda-se-queda-sin-director-tecnico\/2017\/03","title":{"rendered":"Holanda se queda sin director t\u00e9cnico y peligra rumbo al Mundial"},"content":{"rendered":"<p>La Federaci\u00f3n de F\u00fatbol de <strong>Holanda<\/strong> (KNVB) anunci\u00f3 este domingo la destituci\u00f3n del actual seleccionador Danny Blind como consecuencia de los malos resultados que arrastra el equipo nacional, que este s\u00e1bado perdi\u00f3 contra Bulgaria en Sof\u00eda, en el quinto encuentro de la fase de clasificaci\u00f3n para el Mundial 2018.<\/p>\n<p>La decisi\u00f3n fue tomada tras una reuni\u00f3n entre el director de f\u00fatbol profesional holand\u00e9s Jean Paul Decossaux y el director t\u00e9cnico Hans Van Breukelen con Danny Blind, que lleg\u00f3 al cargo en julio del 2015 en sustituci\u00f3n de Guus Hiddink.<\/p>\n<p style=\"text-align: center;\"><span style=\"color: #3366ff;\">VER M\u00c1S: Todas las noticias de futbol internacional<\/span><\/p>\n<p>El segundo entrenador Fred Grim ser\u00e1 el responsable de dirigir a <strong>Holanda<\/strong> en el partido internacional amistoso del pr\u00f3ximo martes, en Amsterdam, contra Italia.<\/p>\n<blockquote><p>&#8220;Respetamos el trabajo de Danny y su relaci\u00f3n con nosotros durante este tiempo. Pero los resultados deportivos son decepcionantes y han complicado la clasificaci\u00f3n para el Mundial de Rusia. Es una decisi\u00f3n que lamentamos pero tenemos que sustituirle&#8221;, apunt\u00f3 Decossaux.<\/p><\/blockquote>\n<p>Blind, por su parte, lament\u00f3 la decisi\u00f3n. &#8220;Est\u00e1bamos en el camino correcto. El partido con Bulgaria fue un accidente. He dado todo por este proyecto y es una pena que termine as\u00ed&#8221;, apunt\u00f3.<\/p>\n<p><strong>Holanda<\/strong> solo ha ganado dos de los cinco encuentros del Grupo A de la zona europea de clasificaci\u00f3n para Rusia 2018, ante Bielorrusia y Luxemburgo. Empat\u00f3 frente Suecia y fue derrotado por Francia y, recientemente, por Bulgaria. Es cuarto en la clasificaci\u00f3n del sexteto a dos puntos de Bulgaria, tercero, tres de Suecia, segundo y seis del l\u00edder, Francia.<\/p>\n<p>S\u00edguenos en Twitter: <a href=\"https:\/\/twitter.com\/MXFutbolTotal\" target=\"_blank\">@MXFutbolTotal<\/a><\/p>\n","protected":false},"excerpt":{"rendered":"<p>La Naranja Mec\u00e1ncia destituy\u00f3 a Danny Blind por la ola de malos resultados.<\/p>\n","protected":false},"author":20,"featured_media":470643,"comment_status":"closed","ping_status":"closed","sticky":false,"template":"","format":"standard","meta":[],"categories":[3839],"tags":[1269,6024],"_links":{"self":[{"href":"http:\/\/desarrollo.grupomedios.com\/futbol\/wp-json\/wp\/v2\/posts\/470642"}],"collection":[{"href":"http:\/\/desarrollo.grupomedios.com\/futbol\/wp-json\/wp\/v2\/posts"}],"about":[{"href":"http:\/\/desarrollo.grupomedios.com\/futbol\/wp-json\/wp\/v2\/types\/post"}],"author":[{"embeddable":true,"href":"http:\/\/desarrollo.grupomedios.com\/futbol\/wp-json\/wp\/v2\/users\/20"}],"replies":[{"embeddable":true,"href":"http:\/\/desarrollo.grupomedios.com\/futbol\/wp-json\/wp\/v2\/comments?post=470642"}],"version-history":[{"count":2,"href":"http:\/\/desarrollo.grupomedios.com\/futbol\/wp-json\/wp\/v2\/posts\/470642\/revisions"}],"predecessor-version":[{"id":470648,"href":"http:\/\/desarrollo.grupomedios.com\/futbol\/wp-json\/wp\/v2\/posts\/470642\/revisions\/470648"}],"wp:featuredmedia":[{"embeddable":true,"href":"http:\/\/desarrollo.grupomedios.com\/futbol\/wp-json\/wp\/v2\/media\/470643"}],"wp:attachment":[{"href":"http:\/\/desarrollo.grupomedios.com\/futbol\/wp-json\/wp\/v2\/media?parent=470642"}],"wp:term":[{"taxonomy":"category","embeddable":true,"href":"http:\/\/desarrollo.grupomedios.com\/futbol\/wp-json\/wp\/v2\/categories?post=470642"},{"taxonomy":"post_tag","embeddable":true,"href":"http:\/\/desarrollo.grupomedios.com\/futbol\/wp-json\/wp\/v2\/tags?post=470642"}],"curies":[{"name":"wp","href":"https:\/\/api.w.org\/{rel}","templated":true}]}}