{"id":470672,"date":"2017-03-26T18:53:37","date_gmt":"2017-03-27T00:53:37","guid":{"rendered":"https:\/\/www.futboltotal.com.mx\/?p=470672"},"modified":"2017-03-26T18:53:37","modified_gmt":"2017-03-27T00:53:37","slug":"jose-saturnino-cardozo-candidato-dirigir-a-paraguay","status":"publish","type":"post","link":"http:\/\/desarrollo.grupomedios.com\/futbol\/futbol-mexicano\/jose-saturnino-cardozo-candidato-dirigir-a-paraguay\/2017\/03","title":{"rendered":"Jos\u00e9 Saturnino Cardozo es candidato para dirigir a Paraguay"},"content":{"rendered":"<p>El <em>Principe Guaran\u00ed<\/em>, ha tenido un desempe\u00f1o maravilloso con el <strong>Puebla<\/strong> en los \u00faltimos meses, adem\u00e1s de que en su pasado con diferentes equipos de la Liga MX ha sido destacado.<\/p>\n<p>De acuerdo a una entrevista para Mediotiempo el ex portero de Paraguay\u00a0<b>Jos\u00e9 Luis Chilavert,\u00a0<\/b>coment\u00f3 que le gustar\u00eda ver a <strong>Cardozo<\/strong> como estratega de la selecci\u00f3n guaran\u00ed.<\/p>\n<blockquote><p>\u201cEl d\u00eda de ma\u00f1ana seguramente s\u00ed (dirigir\u00e1 <strong>Cardozo<\/strong>), es uno de los candidatos potenciales por todo lo que le dio al futbol a la Selecci\u00f3n de mi pa\u00eds, ya tiene experiencia en la direcci\u00f3n t\u00e9cnica\u201d, declar\u00f3 el ex jugador.<\/p><\/blockquote>\n<p><strong>Chilavert<\/strong> espera que a su colega le vaya muy bien en Puebla y logre salvar a su equipo del descenso, adem\u00e1s de resaltar su juventud.<\/p>\n<p style=\"text-align: center;\"><span style=\"color: #3366ff;\"><a style=\"color: #3366ff;\" href=\"https:\/\/www.futboltotal.com.mx\/2017\/03\/muere-hincha-en-estadio-morumbi-previo-al-derbi\/\" target=\"_blank\">LEER M\u00c1S: Muere hincha en estadio de Brasil previo a un derbi<\/a><\/span><\/p>\n<blockquote><p>\u201cOjal\u00e1 le vaya bien con el <b>Puebla<\/b> donde est\u00e1. Ha tomado una instituci\u00f3n que quiere salvar del descenso y con trabajo lo har\u00e1, \u00e9l es joven y sabe que una mentalidad positiva para sacar delante de una situaci\u00f3n complicada del club\u201d. fueron las palabras de Jos\u00e9 Luis.<\/p><\/blockquote>\n<p>Para finalizar el ex guardameta elogi\u00f3 al futbol mexicano y al nivel que tenemos en la actualidad,<\/p>\n<blockquote><p>\u201cOjal\u00e1 les vaya bien, que le vaya bien a Cardozo y compa\u00f1\u00eda porque en definitiva ayuda a crecer al futbol de mi pa\u00eds pero bueno, el futbol de<b> M\u00e9xico<\/b> siempre ha sido un futbol dif\u00edcil&#8221;, puntualiz\u00f3.<\/p><\/blockquote>\n","protected":false},"excerpt":{"rendered":"<p>Cardozo ya es considerado uno de los candidatos para dirigir a su selecci\u00f3n. <\/p>\n","protected":false},"author":20,"featured_media":470673,"comment_status":"closed","ping_status":"closed","sticky":false,"template":"","format":"standard","meta":[],"categories":[3839,2198,3845],"tags":[4235,1274],"_links":{"self":[{"href":"http:\/\/desarrollo.grupomedios.com\/futbol\/wp-json\/wp\/v2\/posts\/470672"}],"collection":[{"href":"http:\/\/desarrollo.grupomedios.com\/futbol\/wp-json\/wp\/v2\/posts"}],"about":[{"href":"http:\/\/desarrollo.grupomedios.com\/futbol\/wp-json\/wp\/v2\/types\/post"}],"author":[{"embeddable":true,"href":"http:\/\/desarrollo.grupomedios.com\/futbol\/wp-json\/wp\/v2\/users\/20"}],"replies":[{"embeddable":true,"href":"http:\/\/desarrollo.grupomedios.com\/futbol\/wp-json\/wp\/v2\/comments?post=470672"}],"version-history":[{"count":1,"href":"http:\/\/desarrollo.grupomedios.com\/futbol\/wp-json\/wp\/v2\/posts\/470672\/revisions"}],"predecessor-version":[{"id":470674,"href":"http:\/\/desarrollo.grupomedios.com\/futbol\/wp-json\/wp\/v2\/posts\/470672\/revisions\/470674"}],"wp:featuredmedia":[{"embeddable":true,"href":"http:\/\/desarrollo.grupomedios.com\/futbol\/wp-json\/wp\/v2\/media\/470673"}],"wp:attachment":[{"href":"http:\/\/desarrollo.grupomedios.com\/futbol\/wp-json\/wp\/v2\/media?parent=470672"}],"wp:term":[{"taxonomy":"category","embeddable":true,"href":"http:\/\/desarrollo.grupomedios.com\/futbol\/wp-json\/wp\/v2\/categories?post=470672"},{"taxonomy":"post_tag","embeddable":true,"href":"http:\/\/desarrollo.grupomedios.com\/futbol\/wp-json\/wp\/v2\/tags?post=470672"}],"curies":[{"name":"wp","href":"https:\/\/api.w.org\/{rel}","templated":true}]}}