{"id":470675,"date":"2017-03-26T19:27:56","date_gmt":"2017-03-27T01:27:56","guid":{"rendered":"https:\/\/www.futboltotal.com.mx\/?p=470675"},"modified":"2017-03-26T21:23:59","modified_gmt":"2017-03-27T03:23:59","slug":"luis-gabriel-rey-da-muestra-fair-play-ante-america","status":"publish","type":"post","link":"http:\/\/desarrollo.grupomedios.com\/futbol\/futbol-mexicano\/luis-gabriel-rey-da-muestra-fair-play-ante-america\/2017\/03","title":{"rendered":"Luis Gabriel Rey da muestra de Fair Play ante Am\u00e9rica"},"content":{"rendered":"<p>El delantero de Morelia dio un gran ejemplo para todos los seguidores del futbol y es que el \u00e1rbitro del encuentro amistoso entre Am\u00e9rica y Morelia hab\u00eda sancionado un penal a favor de Monarcas, pero <strong>Luis Gabriel Rey<\/strong> lo corrigi\u00f3 y le dijo que no era.<\/p>\n<p>En la jugada pol\u00e9mica, William da Silva hab\u00eda cometido una mano que no era intencional, pues el bal\u00f3n le rebot\u00f3 en la mano sin querer. <strong>Rey<\/strong>, se acerc\u00f3 al central del encuentro y le coment\u00f3 que no ten\u00eda que ser penal, por lo que el juez reivindic\u00f3 su decisi\u00f3n.<\/p>\n<p>&nbsp;<\/p>\n<blockquote class=\"twitter-video\" data-lang=\"es\">\n<p dir=\"ltr\" lang=\"ht\"><a href=\"https:\/\/twitter.com\/hashtag\/QueTDefine?src=hash\">#QueTDefine<\/a> Fairplay de Luis Gabriel Rey <a href=\"https:\/\/twitter.com\/hashtag\/fairplay?src=hash\">#fairplay<\/a> <a href=\"https:\/\/twitter.com\/hashtag\/luisgabriel?src=hash\">#luisgabriel<\/a> <a href=\"https:\/\/twitter.com\/hashtag\/rey?src=hash\">#rey<\/a> <a href=\"https:\/\/twitter.com\/hashtag\/penal?src=hash\">#penal<\/a> <a href=\"https:\/\/twitter.com\/hashtag\/Am%C3%A9rica?src=hash\">#Am\u00e9rica<\/a> <a href=\"https:\/\/twitter.com\/hashtag\/Monarcas?src=hash\">#Monarcas<\/a> <a href=\"https:\/\/t.co\/2LJgLqqE4d\">pic.twitter.com\/2LJgLqqE4d<\/a><\/p>\n<p>\u2014 Victor Gonz\u00e1lez (@VicManGV) <a href=\"https:\/\/twitter.com\/VicManGV\/status\/846172534273982464\">27 de marzo de 2017<\/a><\/p><\/blockquote>\n<p><script async src=\"\/\/platform.twitter.com\/widgets.js\" charset=\"utf-8\"><\/script><\/p>\n<p>Sin duda <strong>Luis Gabriel<\/strong> se deber\u00eda llevar el premio al Fair Play, por este enorme gesto. \u00a1Grande, crack!<\/p>\n<p>&nbsp;<\/p>\n<blockquote class=\"twitter-tweet\" data-lang=\"es\">\n<p dir=\"ltr\" lang=\"es\"><a href=\"https:\/\/twitter.com\/hashtag\/MonarcasEnEUA?src=hash\">#MonarcasEnEUA<\/a>&#x1f451;<br \/>\n\u23f134&#8242; El \u00e1rbitro cambia la decisi\u00f3n y el penal no es marcado.<a href=\"https:\/\/twitter.com\/ClubAmerica\">@ClubAmerica<\/a> 1-0 <a href=\"https:\/\/twitter.com\/FuerzaMonarca\">@FuerzaMonarca<\/a><\/p>\n<p>\u2014 Monarcas Morelia (@FuerzaMonarca) <a href=\"https:\/\/twitter.com\/FuerzaMonarca\/status\/846151271174361088\">27 de marzo de 2017<\/a><\/p><\/blockquote>\n<p><script async src=\"\/\/platform.twitter.com\/widgets.js\" charset=\"utf-8\"><\/script><\/p>\n<p>S\u00edguenos en Twitter: <a href=\"https:\/\/twitter.com\/MXFutbolTotal\" target=\"_blank\">@MXFutbolTotal<\/a><\/p>\n","protected":false},"excerpt":{"rendered":"<p>El delantero mostr\u00f3 su calidad humana.<\/p>\n","protected":false},"author":20,"featured_media":470676,"comment_status":"closed","ping_status":"closed","sticky":false,"template":"","format":"standard","meta":[],"categories":[2198,3845],"tags":[5959,1075,5967],"_links":{"self":[{"href":"http:\/\/desarrollo.grupomedios.com\/futbol\/wp-json\/wp\/v2\/posts\/470675"}],"collection":[{"href":"http:\/\/desarrollo.grupomedios.com\/futbol\/wp-json\/wp\/v2\/posts"}],"about":[{"href":"http:\/\/desarrollo.grupomedios.com\/futbol\/wp-json\/wp\/v2\/types\/post"}],"author":[{"embeddable":true,"href":"http:\/\/desarrollo.grupomedios.com\/futbol\/wp-json\/wp\/v2\/users\/20"}],"replies":[{"embeddable":true,"href":"http:\/\/desarrollo.grupomedios.com\/futbol\/wp-json\/wp\/v2\/comments?post=470675"}],"version-history":[{"count":3,"href":"http:\/\/desarrollo.grupomedios.com\/futbol\/wp-json\/wp\/v2\/posts\/470675\/revisions"}],"predecessor-version":[{"id":470689,"href":"http:\/\/desarrollo.grupomedios.com\/futbol\/wp-json\/wp\/v2\/posts\/470675\/revisions\/470689"}],"wp:featuredmedia":[{"embeddable":true,"href":"http:\/\/desarrollo.grupomedios.com\/futbol\/wp-json\/wp\/v2\/media\/470676"}],"wp:attachment":[{"href":"http:\/\/desarrollo.grupomedios.com\/futbol\/wp-json\/wp\/v2\/media?parent=470675"}],"wp:term":[{"taxonomy":"category","embeddable":true,"href":"http:\/\/desarrollo.grupomedios.com\/futbol\/wp-json\/wp\/v2\/categories?post=470675"},{"taxonomy":"post_tag","embeddable":true,"href":"http:\/\/desarrollo.grupomedios.com\/futbol\/wp-json\/wp\/v2\/tags?post=470675"}],"curies":[{"name":"wp","href":"https:\/\/api.w.org\/{rel}","templated":true}]}}