{"id":470690,"date":"2017-03-26T21:49:37","date_gmt":"2017-03-27T03:49:37","guid":{"rendered":"https:\/\/www.futboltotal.com.mx\/?p=470690"},"modified":"2017-03-26T21:49:37","modified_gmt":"2017-03-27T03:49:37","slug":"edson-puch-dispuesto-cambiar-numero","status":"publish","type":"post","link":"http:\/\/desarrollo.grupomedios.com\/futbol\/futbol-mexicano\/edson-puch-dispuesto-cambiar-numero\/2017\/03","title":{"rendered":"Edson Puch dispuesto a cambiar su n\u00famero"},"content":{"rendered":"<p>El delantero chileno, <strong>Edson Puch<\/strong> es un fiel fan\u00e1tico de la serie <em>&#8216;El Chavo del 8&#8217;<\/em> y es por eso que ha decidido mandar un mensaje al famoso personaje <em>Don Ram\u00f3n,\u00a0<\/em>qui\u00e9n tambi\u00e9n era admirador del Necaxa.<\/p>\n<p>Puch es tan admirador de<strong> Ram\u00f3n Valdez<\/strong> que le gustar\u00eda cambiar su n\u00famero por el 72, n\u00famero del departamento en donde viv\u00eda su personaje en la vecindad del chavo.<\/p>\n<blockquote><p>&#8220;Si se puede, cambiare mi numero en homenaje a Ramon Vald\u00e9s &#8221; Don Ramon&#8221; que se identificaba con @clubnecaxa y soy un gran admirador de su trabajo . El 72 era el numero de su hogar en la vecindad&#8221;, escribi\u00f3 Puch en su instagram.<\/p><\/blockquote>\n<p>&nbsp;<\/p>\n<blockquote class=\"instagram-media\" style=\"background: #FFF; border: 0; border-radius: 3px; box-shadow: 0 0 1px 0 rgba(0,0,0,0.5),0 1px 10px 0 rgba(0,0,0,0.15); margin: 1px; max-width: 658px; padding: 0; width: calc(100% - 2px);\" data-instgrm-captioned=\"\" data-instgrm-version=\"7\">\n<div style=\"padding: 8px;\">\n<div style=\"background: #F8F8F8; line-height: 0; margin-top: 40px; padding: 34.306987399770904% 0; text-align: center; width: 100%;\"><\/div>\n<p style=\"margin: 8px 0 0 0; padding: 0 4px;\"><a style=\"color: #000; font-family: Arial,sans-serif; font-size: 14px; font-style: normal; font-weight: normal; line-height: 17px; text-decoration: none; word-wrap: break-word;\" href=\"https:\/\/www.instagram.com\/p\/BSIBbA7D9zq\/\" target=\"_blank\">Si se puede, cambiare mi numero en homenaje a Ramon Vald\u00e9s &#8221; Don Ramon&#8221; que se identificaba con @clubnecaxa y soy un gran admirador de su trabajo . El 72 era el numero de su hogar en la vecindad \u2764\ufe0f<\/a><\/p>\n<p style=\"color: #c9c8cd; font-family: Arial,sans-serif; font-size: 14px; line-height: 17px; margin-bottom: 0; margin-top: 8px; overflow: hidden; padding: 8px 0 7px; text-align: center; text-overflow: ellipsis; white-space: nowrap;\">Una publicaci\u00f3n compartida de Edson Puch [22] (@edsonpuch) el <time style=\"font-family: Arial,sans-serif; font-size: 14px; line-height: 17px;\" datetime=\"2017-03-27T02:47:41+00:00\">26 de Mar de 2017 a la(s) 7:47 PDT<\/time><\/p>\n<\/div>\n<\/blockquote>\n<p><script async defer src=\"\/\/platform.instagram.com\/en_US\/embeds.js\"><\/script><\/p>\n<p>S\u00edguenos en Twitter: <a href=\"https:\/\/twitter.com\/MXFutbolTotal\" target=\"_blank\">@MXFutbolTotal<\/a><\/p>\n","protected":false},"excerpt":{"rendered":"<p>El delantero quiere hacer un homenaje a un personaje del &#8216;Chavo del 8&#8217;.<\/p>\n","protected":false},"author":20,"featured_media":470691,"comment_status":"closed","ping_status":"closed","sticky":false,"template":"","format":"standard","meta":[],"categories":[2198,3845],"tags":[7454,64,261],"_links":{"self":[{"href":"http:\/\/desarrollo.grupomedios.com\/futbol\/wp-json\/wp\/v2\/posts\/470690"}],"collection":[{"href":"http:\/\/desarrollo.grupomedios.com\/futbol\/wp-json\/wp\/v2\/posts"}],"about":[{"href":"http:\/\/desarrollo.grupomedios.com\/futbol\/wp-json\/wp\/v2\/types\/post"}],"author":[{"embeddable":true,"href":"http:\/\/desarrollo.grupomedios.com\/futbol\/wp-json\/wp\/v2\/users\/20"}],"replies":[{"embeddable":true,"href":"http:\/\/desarrollo.grupomedios.com\/futbol\/wp-json\/wp\/v2\/comments?post=470690"}],"version-history":[{"count":1,"href":"http:\/\/desarrollo.grupomedios.com\/futbol\/wp-json\/wp\/v2\/posts\/470690\/revisions"}],"predecessor-version":[{"id":470692,"href":"http:\/\/desarrollo.grupomedios.com\/futbol\/wp-json\/wp\/v2\/posts\/470690\/revisions\/470692"}],"wp:featuredmedia":[{"embeddable":true,"href":"http:\/\/desarrollo.grupomedios.com\/futbol\/wp-json\/wp\/v2\/media\/470691"}],"wp:attachment":[{"href":"http:\/\/desarrollo.grupomedios.com\/futbol\/wp-json\/wp\/v2\/media?parent=470690"}],"wp:term":[{"taxonomy":"category","embeddable":true,"href":"http:\/\/desarrollo.grupomedios.com\/futbol\/wp-json\/wp\/v2\/categories?post=470690"},{"taxonomy":"post_tag","embeddable":true,"href":"http:\/\/desarrollo.grupomedios.com\/futbol\/wp-json\/wp\/v2\/tags?post=470690"}],"curies":[{"name":"wp","href":"https:\/\/api.w.org\/{rel}","templated":true}]}}